{"id":52837,"date":"2025-05-24T13:34:04","date_gmt":"2025-05-24T13:34:04","guid":{"rendered":"https:\/\/turboideal.com\/?p=52837"},"modified":"2025-05-24T14:18:28","modified_gmt":"2025-05-24T14:18:28","slug":"konvencija-majkon-sokobanja-2025","status":"publish","type":"post","link":"https:\/\/turboideal.com\/sr\/konvencija-majkon-sokobanja-2025\/","title":{"rendered":"KONVENCIJA MAJKON SOKOBANJA 2025"},"content":{"rendered":"<p>Proteklog vikenda imali smo privilegiju da u\u010destvujemo na okupljanju koje je organizovalo Udru\u017eenje auto-servisa Srbije u\u00a0 Sokobanji. Tokom ova dva dana razmene iskustava, znanja i novih ideja, imali smo priliku da se pove\u017eemo sa kolegama iz bran\u0161e, \u010dujemo korisna predavanja, razmenimo mi\u0161ljenja i zajedno sagledamo budu\u0107nost auto-servisne industrije u Srbiji. Do sada smo navikli na jednodevne konvencije dok smo sada imali priliku da dva dana prisustvujemo prezentacijama, primerima na vozilima, jo\u0161 ve\u0107oj razmeni znanja, ve\u0161tina, jo\u0161 vi\u0161e dru\u017eenja i razgovora.<\/p>\n<p>Na\u0161 tim je imao posebnu \u010dast da odr\u017ei prezentaciju na temu DPF filtera, gde smo kroz studiju slu\u010daja iz na\u0161e prakse prikazali konkretne izazove sa kojima se servisi suo\u010davaju, kao i efikasna re\u0161enja koja smo razvili. U sklopu prezentacije predstavili smo i na\u0161 novi uredjaj, na koji smo izuzetno ponosni, a koji je izazvao veliko interesovanje i otvorio mnoga nova pitanja i razgovore nakon samog izlaganja.<\/p>\n<p><a href=\"https:\/\/turboideal.com\/wp-content\/uploads\/2025\/05\/P1250534-scaled.jpg\"><img loading=\"lazy\" decoding=\"async\" class=\"alignnone wp-image-52846 size-full\" src=\"https:\/\/turboideal.com\/wp-content\/uploads\/2025\/05\/P1250534-scaled.jpg\" alt=\"\" width=\"2560\" height=\"1706\" srcset=\"https:\/\/turboideal.com\/wp-content\/uploads\/2025\/05\/P1250534-scaled.jpg 2560w, https:\/\/turboideal.com\/wp-content\/uploads\/2025\/05\/P1250534-300x200.jpg 300w, https:\/\/turboideal.com\/wp-content\/uploads\/2025\/05\/P1250534-1024x683.jpg 1024w, https:\/\/turboideal.com\/wp-content\/uploads\/2025\/05\/P1250534-768x512.jpg 768w, https:\/\/turboideal.com\/wp-content\/uploads\/2025\/05\/P1250534-1536x1024.jpg 1536w, https:\/\/turboideal.com\/wp-content\/uploads\/2025\/05\/P1250534-2048x1365.jpg 2048w, https:\/\/turboideal.com\/wp-content\/uploads\/2025\/05\/P1250534-380x252.jpg 380w, https:\/\/turboideal.com\/wp-content\/uploads\/2025\/05\/P1250534-400x267.jpg 400w, https:\/\/turboideal.com\/wp-content\/uploads\/2025\/05\/P1250534-600x400.jpg 600w\" sizes=\"auto, (max-width: 2560px) 100vw, 2560px\" \/><\/a><\/p>\n<p>Predrag Stojanovi\u0107 je pri\u010dao o uticaju DPF\u00a0 filteru i sistema za recirkulaciju izduvnog gasa \u0161to je bio samo deo njegovog izlaganja. Imali smo priliku da slu\u0161amo o upotrebi VNT turbokompresora u razvoju novih sistema. Uvodjenje Oto-Milerov ciklusa je omogu\u0107ilo izgradnju nove generacije motora SUS koje su sa manjim dimenzijama u odnosu na prethodne generacije u mogu\u0107nosti da isporu\u010de daleko ve\u0107u efikasnost.<\/p>\n<p><a href=\"https:\/\/turboideal.com\/wp-content\/uploads\/2025\/05\/P1250545-scaled.jpg\"><img loading=\"lazy\" decoding=\"async\" class=\"alignnone wp-image-52848 size-full\" src=\"https:\/\/turboideal.com\/wp-content\/uploads\/2025\/05\/P1250545-scaled.jpg\" alt=\"\" width=\"2560\" height=\"1706\" srcset=\"https:\/\/turboideal.com\/wp-content\/uploads\/2025\/05\/P1250545-scaled.jpg 2560w, https:\/\/turboideal.com\/wp-content\/uploads\/2025\/05\/P1250545-300x200.jpg 300w, https:\/\/turboideal.com\/wp-content\/uploads\/2025\/05\/P1250545-1024x683.jpg 1024w, https:\/\/turboideal.com\/wp-content\/uploads\/2025\/05\/P1250545-768x512.jpg 768w, https:\/\/turboideal.com\/wp-content\/uploads\/2025\/05\/P1250545-1536x1024.jpg 1536w, https:\/\/turboideal.com\/wp-content\/uploads\/2025\/05\/P1250545-2048x1365.jpg 2048w, https:\/\/turboideal.com\/wp-content\/uploads\/2025\/05\/P1250545-380x252.jpg 380w, https:\/\/turboideal.com\/wp-content\/uploads\/2025\/05\/P1250545-400x267.jpg 400w, https:\/\/turboideal.com\/wp-content\/uploads\/2025\/05\/P1250545-600x400.jpg 600w\" sizes=\"auto, (max-width: 2560px) 100vw, 2560px\" \/><\/a><\/p>\n<p>U izlaganju Gordana Stojanovi\u0107a smo slu\u0161ali o elektronskim aktuatorima na turbokompresorima, njihovoj podeli i vrstama, kao i komunikacionim protokolima te mogu\u0107nostima u daljem razvoju.<\/p>\n<p>U ovom izlaganju smo \u010duli i o benefitima i gre\u0161kama koje mogu biti prouzrokovane od strane korisnika na elektronskim aktuatorima.<\/p>\n<p>Na konvenciji imali i promociju na\u0161eg novog uredjaja ,,<a href=\"https:\/\/turboideal.com\/product\/turbo-vacuum\/\">TURBO VAKUUM GENERATOR<\/a>\u201d.<\/p>\n<p style=\"text-align: center;\"><a href=\"https:\/\/turboideal.com\/wp-content\/uploads\/2025\/05\/IMG_7542-scaled.jpg\"><img loading=\"lazy\" decoding=\"async\" class=\"alignnone wp-image-52844 size-full\" src=\"https:\/\/turboideal.com\/wp-content\/uploads\/2025\/05\/IMG_7542-scaled.jpg\" alt=\"\" width=\"1920\" height=\"2560\" srcset=\"https:\/\/turboideal.com\/wp-content\/uploads\/2025\/05\/IMG_7542-scaled.jpg 1920w, https:\/\/turboideal.com\/wp-content\/uploads\/2025\/05\/IMG_7542-225x300.jpg 225w, https:\/\/turboideal.com\/wp-content\/uploads\/2025\/05\/IMG_7542-768x1024.jpg 768w, https:\/\/turboideal.com\/wp-content\/uploads\/2025\/05\/IMG_7542-1152x1536.jpg 1152w, https:\/\/turboideal.com\/wp-content\/uploads\/2025\/05\/IMG_7542-1536x2048.jpg 1536w, https:\/\/turboideal.com\/wp-content\/uploads\/2025\/05\/IMG_7542-400x533.jpg 400w, https:\/\/turboideal.com\/wp-content\/uploads\/2025\/05\/IMG_7542-600x800.jpg 600w\" sizes=\"auto, (max-width: 1920px) 100vw, 1920px\" \/><\/a><\/p>\n<p>Namena uredjaja je testiranje rada vakumskih aktuatora na turbokompresorima i testiranje ispravnosti vakumske instalacije na motornim vozilima.<\/p>\n<p>U saradnji sa kolegom Jakovom na prezentaciji je radjeno testiranje vakumske instalacije na vozilu \u0160koda.<\/p>\n<p>Zahvaljujuci ovom uredjaju na vrlo efikasan na\u010din su proverene koli\u010dine vakuma u svim delovima instalacije i locirano je mesto gde je do\u0161lo do kvara na vakumskoj instalaciji.<\/p>\n<p>Vi\u0161e o ovom uredjaju mo\u017eete videte na nasem <a href=\"https:\/\/www.youtube.com\/playlist?list=PLaG2oyzUhgkOcPCDy_d45JjjtpAXfE2_2\">YouTube<\/a> kanalu.<\/p>\n<p>\u017delimo da izrazimo iskrenu zahvalnost organizatorima na pozivu i ukazanoj prilici da budemo deo ovako zna\u010dajnog doga\u0111aja. Biti u dru\u0161tvu stru\u010dnjaka, zaljubljenika u svoj posao i ljudi koji \u017eele da menjaju stvari na bolje \u2014 to je za nas neprocenjivo iskustvo. Ovaj doga\u0111aj je okupio stru\u010dnjake, tehni\u010dare, in\u017eenjere i servisere vozila iz cele regije, sa ciljem razmene znanja, iskustava i najnovijih tehni\u010dkih inovacija u automobilskoj industriji i u oblasti servisiranja vozila.<\/p>\n<p>Na\u0161i utisci:<\/p>\n<p>Utisci se jo\u0161 uvek sle\u017eu, ali mo\u017eemo slobodno da ka\u017eemo da smo prezadovoljni! Ovo je bila prva konvencija sa ovakvim konceptom u auto-servisnoj industriji u Srbiji \u2014 i zaista je ostavila sna\u017ean utisak na nas.<\/p>\n<p>Posebno \u017eelimo da pohvalimo organizaciju doga\u0111aja, koja je bila na visokom nivou. Sve je proteklo u odli\u010dnoj atmosferi, sa jasno definisanim temama, odli\u010dnim govornicima i sadr\u017eajima koji su zaista korisni i primenljivi u svakodnevnom radu servisa.<\/p>\n<p>Odu\u0161evila nas je posve\u0107enost svih u\u010desnika, njihova spremnost da podele znanje, postavljaju pitanja i aktivno u\u010destvuju u svakoj sesiji.<\/p>\n<p>Kao tim, ponosni smo na na\u0161u ulogu u svemu tome \u2014 kako na prezentaciju koju smo odr\u017eali, tako i na \u010dinjenicu da smo deo zajednice koja se razvija, u\u010di i podi\u017ee standarde struke iz dana u dan.<\/p>\n<p>Pored na\u0161ih li\u010dnih utisaka, \u00a0i komentara kolega koji su prisustvovali dogadjaju, posebno nam imponuje komentar predstavnika udruzenja koji su o na\u0161em nastupu rekli slede\u0107e:<\/p>\n<blockquote><p><em><strong>&#8222;Nastup Turbo Ideala na MajKon Sokobanja 2025 u partnerstvu sa Jakovom Pekovi\u0107em iz ECAP \u0161kolskog centra bio je jedan od najupe\u010datljivijih segmenata doga\u0111aja. Kroz konkretne primere, demonstraciju ure\u0111aja i otvoren pristup kolegama, pokazali su visok nivo stru\u010dnosti i spremnost da zajedno s nama unapre\u0111uju servisnu struku. Njihova trogodi\u0161nja podr\u0161ka Udru\u017eenju za nas ima posebno zna\u010denje \u2013 jer sa pravim partnerima, svaki slede\u0107i korak ima ja\u010du vrednost.&#8220;<\/strong><\/em><\/p><\/blockquote>\n<p>Ponosimo se \u010dinjenicom da smo prijatelji i saradnici Udru\u017eenja auto-servisa Srbije, jer verujemo u zajedni\u0161tvo, otvorenu komunikaciju i me\u0111usobnu podr\u0161ku. Samo kroz takve vrednosti mo\u017eemo da rastemo i kao pojedinci i kao industrija.<\/p>\n","protected":false},"excerpt":{"rendered":"<p>Proteklog vikenda imali smo privilegiju da u\u010destvujemo na okupljanju koje je organizovalo Udru\u017eenje auto-servisa Srbije u\u00a0 Sokobanji. Tokom ova dva dana razmene iskustava, znanja i novih ideja, imali smo priliku da se pove\u017eemo sa kolegama iz bran\u0161e, \u010dujemo korisna predavanja, razmenimo mi\u0161ljenja i zajedno sagledamo budu\u0107nost auto-servisne industrije u Srbiji. Do sada smo navikli na [&hellip;]<\/p>\n","protected":false},"author":9,"featured_media":52842,"comment_status":"closed","ping_status":"open","sticky":false,"template":"","format":"standard","meta":{"_acf_changed":false,"jetpack_post_was_ever_published":false,"_jetpack_newsletter_access":"","_jetpack_dont_email_post_to_subs":false,"_jetpack_newsletter_tier_id":0,"_jetpack_memberships_contains_paywalled_content":false,"_jetpack_memberships_contains_paid_content":false,"footnotes":""},"categories":[310],"tags":[],"class_list":["post-52837","post","type-post","status-publish","format-standard","has-post-thumbnail","hentry","category-vesti"],"acf":[],"yoast_head":"<!-- This site is optimized with the Yoast SEO plugin v26.9 - https:\/\/yoast.com\/product\/yoast-seo-wordpress\/ -->\n<title>KONVENCIJA MAJKON SOKOBANJA 2025 - Turbo Ideal<\/title>\n<meta name=\"robots\" content=\"index, follow, max-snippet:-1, max-image-preview:large, max-video-preview:-1\" \/>\n<link rel=\"canonical\" href=\"https:\/\/turboideal.com\/sr\/konvencija-majkon-sokobanja-2025\/\" \/>\n<meta property=\"og:locale\" content=\"sr_RS\" \/>\n<meta property=\"og:type\" content=\"article\" \/>\n<meta property=\"og:title\" content=\"KONVENCIJA MAJKON SOKOBANJA 2025 - Turbo Ideal\" \/>\n<meta property=\"og:description\" content=\"Proteklog vikenda imali smo privilegiju da u\u010destvujemo na okupljanju koje je organizovalo Udru\u017eenje auto-servisa Srbije u\u00a0 Sokobanji. Tokom ova dva dana razmene iskustava, znanja i novih ideja, imali smo priliku da se pove\u017eemo sa kolegama iz bran\u0161e, \u010dujemo korisna predavanja, razmenimo mi\u0161ljenja i zajedno sagledamo budu\u0107nost auto-servisne industrije u Srbiji. Do sada smo navikli na [&hellip;]\" \/>\n<meta property=\"og:url\" content=\"https:\/\/turboideal.com\/sr\/konvencija-majkon-sokobanja-2025\/\" \/>\n<meta property=\"og:site_name\" content=\"Turbo Ideal\" \/>\n<meta property=\"article:published_time\" content=\"2025-05-24T13:34:04+00:00\" \/>\n<meta property=\"article:modified_time\" content=\"2025-05-24T14:18:28+00:00\" \/>\n<meta property=\"og:image\" content=\"https:\/\/turboideal.com\/wp-content\/uploads\/2025\/05\/P1250553-scaled.jpg\" \/>\n\t<meta property=\"og:image:width\" content=\"2560\" \/>\n\t<meta property=\"og:image:height\" content=\"1706\" \/>\n\t<meta property=\"og:image:type\" content=\"image\/jpeg\" \/>\n<meta name=\"author\" content=\"Predrag Stojanovi\u0107\" \/>\n<meta name=\"twitter:card\" content=\"summary_large_image\" \/>\n<meta name=\"twitter:label1\" content=\"Napisano od\" \/>\n\t<meta name=\"twitter:data1\" content=\"Predrag Stojanovi\u0107\" \/>\n\t<meta name=\"twitter:label2\" content=\"Procenjeno vreme \u010ditanja\" \/>\n\t<meta name=\"twitter:data2\" content=\"4 minuta\" \/>\n<script type=\"application\/ld+json\" class=\"yoast-schema-graph\">{\"@context\":\"https:\/\/schema.org\",\"@graph\":[{\"@type\":\"Article\",\"@id\":\"https:\/\/turboideal.com\/sr\/konvencija-majkon-sokobanja-2025\/#article\",\"isPartOf\":{\"@id\":\"https:\/\/turboideal.com\/sr\/konvencija-majkon-sokobanja-2025\/\"},\"author\":{\"name\":\"Predrag Stojanovi\u0107\",\"@id\":\"https:\/\/turboideal.com\/#\/schema\/person\/073ccacf17f43f2acf5191e5a25b2dab\"},\"headline\":\"KONVENCIJA MAJKON SOKOBANJA 2025\",\"datePublished\":\"2025-05-24T13:34:04+00:00\",\"dateModified\":\"2025-05-24T14:18:28+00:00\",\"mainEntityOfPage\":{\"@id\":\"https:\/\/turboideal.com\/sr\/konvencija-majkon-sokobanja-2025\/\"},\"wordCount\":730,\"image\":{\"@id\":\"https:\/\/turboideal.com\/sr\/konvencija-majkon-sokobanja-2025\/#primaryimage\"},\"thumbnailUrl\":\"https:\/\/turboideal.com\/wp-content\/uploads\/2025\/05\/P1250553-scaled.jpg\",\"articleSection\":[\"Vesti\"],\"inLanguage\":\"sr-RS\"},{\"@type\":\"WebPage\",\"@id\":\"https:\/\/turboideal.com\/sr\/konvencija-majkon-sokobanja-2025\/\",\"url\":\"https:\/\/turboideal.com\/sr\/konvencija-majkon-sokobanja-2025\/\",\"name\":\"KONVENCIJA MAJKON SOKOBANJA 2025 - Turbo Ideal\",\"isPartOf\":{\"@id\":\"https:\/\/turboideal.com\/#website\"},\"primaryImageOfPage\":{\"@id\":\"https:\/\/turboideal.com\/sr\/konvencija-majkon-sokobanja-2025\/#primaryimage\"},\"image\":{\"@id\":\"https:\/\/turboideal.com\/sr\/konvencija-majkon-sokobanja-2025\/#primaryimage\"},\"thumbnailUrl\":\"https:\/\/turboideal.com\/wp-content\/uploads\/2025\/05\/P1250553-scaled.jpg\",\"datePublished\":\"2025-05-24T13:34:04+00:00\",\"dateModified\":\"2025-05-24T14:18:28+00:00\",\"author\":{\"@id\":\"https:\/\/turboideal.com\/#\/schema\/person\/073ccacf17f43f2acf5191e5a25b2dab\"},\"breadcrumb\":{\"@id\":\"https:\/\/turboideal.com\/sr\/konvencija-majkon-sokobanja-2025\/#breadcrumb\"},\"inLanguage\":\"sr-RS\",\"potentialAction\":[{\"@type\":\"ReadAction\",\"target\":[\"https:\/\/turboideal.com\/sr\/konvencija-majkon-sokobanja-2025\/\"]}]},{\"@type\":\"ImageObject\",\"inLanguage\":\"sr-RS\",\"@id\":\"https:\/\/turboideal.com\/sr\/konvencija-majkon-sokobanja-2025\/#primaryimage\",\"url\":\"https:\/\/turboideal.com\/wp-content\/uploads\/2025\/05\/P1250553-scaled.jpg\",\"contentUrl\":\"https:\/\/turboideal.com\/wp-content\/uploads\/2025\/05\/P1250553-scaled.jpg\",\"width\":2560,\"height\":1706},{\"@type\":\"BreadcrumbList\",\"@id\":\"https:\/\/turboideal.com\/sr\/konvencija-majkon-sokobanja-2025\/#breadcrumb\",\"itemListElement\":[{\"@type\":\"ListItem\",\"position\":1,\"name\":\"Home\",\"item\":\"https:\/\/turboideal.com\/sr\/\"},{\"@type\":\"ListItem\",\"position\":2,\"name\":\"KONVENCIJA MAJKON SOKOBANJA 2025\"}]},{\"@type\":\"WebSite\",\"@id\":\"https:\/\/turboideal.com\/#website\",\"url\":\"https:\/\/turboideal.com\/\",\"name\":\"Turbo Ideal\",\"description\":\"Turbocharger parts\",\"potentialAction\":[{\"@type\":\"SearchAction\",\"target\":{\"@type\":\"EntryPoint\",\"urlTemplate\":\"https:\/\/turboideal.com\/?s={search_term_string}\"},\"query-input\":{\"@type\":\"PropertyValueSpecification\",\"valueRequired\":true,\"valueName\":\"search_term_string\"}}],\"inLanguage\":\"sr-RS\"},{\"@type\":\"Person\",\"@id\":\"https:\/\/turboideal.com\/#\/schema\/person\/073ccacf17f43f2acf5191e5a25b2dab\",\"name\":\"Predrag Stojanovi\u0107\",\"image\":{\"@type\":\"ImageObject\",\"inLanguage\":\"sr-RS\",\"@id\":\"https:\/\/turboideal.com\/#\/schema\/person\/image\/\",\"url\":\"https:\/\/secure.gravatar.com\/avatar\/323bc132480109f5b438281eea08aa0df12424fe3197616dd8f0e1b8ead9f3c3?s=96&d=mm&r=g\",\"contentUrl\":\"https:\/\/secure.gravatar.com\/avatar\/323bc132480109f5b438281eea08aa0df12424fe3197616dd8f0e1b8ead9f3c3?s=96&d=mm&r=g\",\"caption\":\"Predrag Stojanovi\u0107\"},\"url\":\"https:\/\/turboideal.com\/sr\/author\/pedja\/\"}]}<\/script>\n<!-- \/ Yoast SEO plugin. -->","yoast_head_json":{"title":"KONVENCIJA MAJKON SOKOBANJA 2025 - Turbo Ideal","robots":{"index":"index","follow":"follow","max-snippet":"max-snippet:-1","max-image-preview":"max-image-preview:large","max-video-preview":"max-video-preview:-1"},"canonical":"https:\/\/turboideal.com\/sr\/konvencija-majkon-sokobanja-2025\/","og_locale":"sr_RS","og_type":"article","og_title":"KONVENCIJA MAJKON SOKOBANJA 2025 - Turbo Ideal","og_description":"Proteklog vikenda imali smo privilegiju da u\u010destvujemo na okupljanju koje je organizovalo Udru\u017eenje auto-servisa Srbije u\u00a0 Sokobanji. Tokom ova dva dana razmene iskustava, znanja i novih ideja, imali smo priliku da se pove\u017eemo sa kolegama iz bran\u0161e, \u010dujemo korisna predavanja, razmenimo mi\u0161ljenja i zajedno sagledamo budu\u0107nost auto-servisne industrije u Srbiji. Do sada smo navikli na [&hellip;]","og_url":"https:\/\/turboideal.com\/sr\/konvencija-majkon-sokobanja-2025\/","og_site_name":"Turbo Ideal","article_published_time":"2025-05-24T13:34:04+00:00","article_modified_time":"2025-05-24T14:18:28+00:00","og_image":[{"width":2560,"height":1706,"url":"https:\/\/turboideal.com\/wp-content\/uploads\/2025\/05\/P1250553-scaled.jpg","type":"image\/jpeg"}],"author":"Predrag Stojanovi\u0107","twitter_card":"summary_large_image","twitter_misc":{"Napisano od":"Predrag Stojanovi\u0107","Procenjeno vreme \u010ditanja":"4 minuta"},"schema":{"@context":"https:\/\/schema.org","@graph":[{"@type":"Article","@id":"https:\/\/turboideal.com\/sr\/konvencija-majkon-sokobanja-2025\/#article","isPartOf":{"@id":"https:\/\/turboideal.com\/sr\/konvencija-majkon-sokobanja-2025\/"},"author":{"name":"Predrag Stojanovi\u0107","@id":"https:\/\/turboideal.com\/#\/schema\/person\/073ccacf17f43f2acf5191e5a25b2dab"},"headline":"KONVENCIJA MAJKON SOKOBANJA 2025","datePublished":"2025-05-24T13:34:04+00:00","dateModified":"2025-05-24T14:18:28+00:00","mainEntityOfPage":{"@id":"https:\/\/turboideal.com\/sr\/konvencija-majkon-sokobanja-2025\/"},"wordCount":730,"image":{"@id":"https:\/\/turboideal.com\/sr\/konvencija-majkon-sokobanja-2025\/#primaryimage"},"thumbnailUrl":"https:\/\/turboideal.com\/wp-content\/uploads\/2025\/05\/P1250553-scaled.jpg","articleSection":["Vesti"],"inLanguage":"sr-RS"},{"@type":"WebPage","@id":"https:\/\/turboideal.com\/sr\/konvencija-majkon-sokobanja-2025\/","url":"https:\/\/turboideal.com\/sr\/konvencija-majkon-sokobanja-2025\/","name":"KONVENCIJA MAJKON SOKOBANJA 2025 - Turbo Ideal","isPartOf":{"@id":"https:\/\/turboideal.com\/#website"},"primaryImageOfPage":{"@id":"https:\/\/turboideal.com\/sr\/konvencija-majkon-sokobanja-2025\/#primaryimage"},"image":{"@id":"https:\/\/turboideal.com\/sr\/konvencija-majkon-sokobanja-2025\/#primaryimage"},"thumbnailUrl":"https:\/\/turboideal.com\/wp-content\/uploads\/2025\/05\/P1250553-scaled.jpg","datePublished":"2025-05-24T13:34:04+00:00","dateModified":"2025-05-24T14:18:28+00:00","author":{"@id":"https:\/\/turboideal.com\/#\/schema\/person\/073ccacf17f43f2acf5191e5a25b2dab"},"breadcrumb":{"@id":"https:\/\/turboideal.com\/sr\/konvencija-majkon-sokobanja-2025\/#breadcrumb"},"inLanguage":"sr-RS","potentialAction":[{"@type":"ReadAction","target":["https:\/\/turboideal.com\/sr\/konvencija-majkon-sokobanja-2025\/"]}]},{"@type":"ImageObject","inLanguage":"sr-RS","@id":"https:\/\/turboideal.com\/sr\/konvencija-majkon-sokobanja-2025\/#primaryimage","url":"https:\/\/turboideal.com\/wp-content\/uploads\/2025\/05\/P1250553-scaled.jpg","contentUrl":"https:\/\/turboideal.com\/wp-content\/uploads\/2025\/05\/P1250553-scaled.jpg","width":2560,"height":1706},{"@type":"BreadcrumbList","@id":"https:\/\/turboideal.com\/sr\/konvencija-majkon-sokobanja-2025\/#breadcrumb","itemListElement":[{"@type":"ListItem","position":1,"name":"Home","item":"https:\/\/turboideal.com\/sr\/"},{"@type":"ListItem","position":2,"name":"KONVENCIJA MAJKON SOKOBANJA 2025"}]},{"@type":"WebSite","@id":"https:\/\/turboideal.com\/#website","url":"https:\/\/turboideal.com\/","name":"Turbo Ideal","description":"Turbocharger parts","potentialAction":[{"@type":"SearchAction","target":{"@type":"EntryPoint","urlTemplate":"https:\/\/turboideal.com\/?s={search_term_string}"},"query-input":{"@type":"PropertyValueSpecification","valueRequired":true,"valueName":"search_term_string"}}],"inLanguage":"sr-RS"},{"@type":"Person","@id":"https:\/\/turboideal.com\/#\/schema\/person\/073ccacf17f43f2acf5191e5a25b2dab","name":"Predrag Stojanovi\u0107","image":{"@type":"ImageObject","inLanguage":"sr-RS","@id":"https:\/\/turboideal.com\/#\/schema\/person\/image\/","url":"https:\/\/secure.gravatar.com\/avatar\/323bc132480109f5b438281eea08aa0df12424fe3197616dd8f0e1b8ead9f3c3?s=96&d=mm&r=g","contentUrl":"https:\/\/secure.gravatar.com\/avatar\/323bc132480109f5b438281eea08aa0df12424fe3197616dd8f0e1b8ead9f3c3?s=96&d=mm&r=g","caption":"Predrag Stojanovi\u0107"},"url":"https:\/\/turboideal.com\/sr\/author\/pedja\/"}]}},"jetpack_featured_media_url":"https:\/\/turboideal.com\/wp-content\/uploads\/2025\/05\/P1250553-scaled.jpg","jetpack_sharing_enabled":true,"jetpack_likes_enabled":false,"jetpack-related-posts":[],"_links":{"self":[{"href":"https:\/\/turboideal.com\/sr\/wp-json\/wp\/v2\/posts\/52837","targetHints":{"allow":["GET"]}}],"collection":[{"href":"https:\/\/turboideal.com\/sr\/wp-json\/wp\/v2\/posts"}],"about":[{"href":"https:\/\/turboideal.com\/sr\/wp-json\/wp\/v2\/types\/post"}],"author":[{"embeddable":true,"href":"https:\/\/turboideal.com\/sr\/wp-json\/wp\/v2\/users\/9"}],"replies":[{"embeddable":true,"href":"https:\/\/turboideal.com\/sr\/wp-json\/wp\/v2\/comments?post=52837"}],"version-history":[{"count":9,"href":"https:\/\/turboideal.com\/sr\/wp-json\/wp\/v2\/posts\/52837\/revisions"}],"predecessor-version":[{"id":52858,"href":"https:\/\/turboideal.com\/sr\/wp-json\/wp\/v2\/posts\/52837\/revisions\/52858"}],"wp:featuredmedia":[{"embeddable":true,"href":"https:\/\/turboideal.com\/sr\/wp-json\/wp\/v2\/media\/52842"}],"wp:attachment":[{"href":"https:\/\/turboideal.com\/sr\/wp-json\/wp\/v2\/media?parent=52837"}],"wp:term":[{"taxonomy":"category","embeddable":true,"href":"https:\/\/turboideal.com\/sr\/wp-json\/wp\/v2\/categories?post=52837"},{"taxonomy":"post_tag","embeddable":true,"href":"https:\/\/turboideal.com\/sr\/wp-json\/wp\/v2\/tags?post=52837"}],"curies":[{"name":"wp","href":"https:\/\/api.w.org\/{rel}","templated":true}]}}