{"id":51094,"date":"2024-09-18T08:04:08","date_gmt":"2024-09-18T08:04:08","guid":{"rendered":"https:\/\/turboideal.com\/?p=51094"},"modified":"2024-09-19T08:15:27","modified_gmt":"2024-09-19T08:15:27","slug":"majstorska-konvencija-zapadna-srbija-inovacioni-biznis-centar-zlatiborsubota-28-septembar-2024-godine","status":"publish","type":"post","link":"https:\/\/turboideal.com\/sr\/majstorska-konvencija-zapadna-srbija-inovacioni-biznis-centar-zlatiborsubota-28-septembar-2024-godine\/","title":{"rendered":"MAJSTORSKA KONVENCIJA ZAPADNA SRBIJA-Inovacioni biznis centar ZLATIBOR,SUBOTA, 28. SEPTEMBAR 2024.godine"},"content":{"rendered":"\n<p>Po\u0161tovane kolege,<\/p>\n\n\n\n<p>Ponovo se okupljamo u zapadnoj Srbiji, ovoga puta na doga\u0111aju MajKon ZAPAD, 28. septembra 2024.godine na Zlatiboru. Prijatelji udru\u017eenja su pripremili predavanja na teme koje su od zna\u010daja za autoindustriju i same mehani\u010dare i obuhvataju \u0161irok spektar usluga u razli\u010ditim domenima poslovanja.<\/p>\n\n\n\n<p>Detaljan program sa satnicama predavanja se nalazi u nastavku.<\/p>\n\n\n\n<p>Kao i do sada, dobrodo\u0161le su kolege iz \u010ditave Srbije, pod uslovom da imaju registrovane radionice.<\/p>\n\n\n\n<p>U\u010de\u0161\u0107e na doga\u0111aju je besplatno, ali je neophodna prijava putem linka&nbsp;<a href=\"https:\/\/forms.gle\/XwQE65p3SEt1yemk9\">https:\/\/forms.gle\/XwQE65p3SEt1yemk9<\/a><\/p>\n\n\n\n<p>Dobro do\u0161li!<\/p>\n\n\n\n<figure class=\"wp-block-image size-large\"><a href=\"https:\/\/turboideal.com\/wp-content\/uploads\/2024\/09\/viber_slika_2024-09-16_09-32-13-807.jpg\"><img loading=\"lazy\" decoding=\"async\" width=\"1024\" height=\"1024\" src=\"https:\/\/turboideal.com\/wp-content\/uploads\/2024\/09\/viber_slika_2024-09-16_09-32-13-807-1024x1024.jpg\" alt=\"\" class=\"wp-image-51097\" srcset=\"https:\/\/turboideal.com\/wp-content\/uploads\/2024\/09\/viber_slika_2024-09-16_09-32-13-807-1024x1024.jpg 1024w, https:\/\/turboideal.com\/wp-content\/uploads\/2024\/09\/viber_slika_2024-09-16_09-32-13-807-300x300.jpg 300w, https:\/\/turboideal.com\/wp-content\/uploads\/2024\/09\/viber_slika_2024-09-16_09-32-13-807-150x150.jpg 150w, https:\/\/turboideal.com\/wp-content\/uploads\/2024\/09\/viber_slika_2024-09-16_09-32-13-807-768x768.jpg 768w, https:\/\/turboideal.com\/wp-content\/uploads\/2024\/09\/viber_slika_2024-09-16_09-32-13-807-1536x1536.jpg 1536w, https:\/\/turboideal.com\/wp-content\/uploads\/2024\/09\/viber_slika_2024-09-16_09-32-13-807-400x400.jpg 400w, https:\/\/turboideal.com\/wp-content\/uploads\/2024\/09\/viber_slika_2024-09-16_09-32-13-807-600x600.jpg 600w, https:\/\/turboideal.com\/wp-content\/uploads\/2024\/09\/viber_slika_2024-09-16_09-32-13-807-100x100.jpg 100w, https:\/\/turboideal.com\/wp-content\/uploads\/2024\/09\/viber_slika_2024-09-16_09-32-13-807.jpg 1600w\" sizes=\"auto, (max-width: 1024px) 100vw, 1024px\" \/><\/a><figcaption class=\"wp-element-caption\">Agenda predstoje\u0107eg doga\u0111aja<\/figcaption><\/figure>\n\n\n\n<figure class=\"wp-block-image size-full\"><a href=\"https:\/\/turboideal.com\/wp-content\/uploads\/2024\/09\/1714477435228.jpg\"><img loading=\"lazy\" decoding=\"async\" width=\"720\" height=\"540\" src=\"https:\/\/turboideal.com\/wp-content\/uploads\/2024\/09\/1714477435228.jpg\" alt=\"\" class=\"wp-image-51101\" srcset=\"https:\/\/turboideal.com\/wp-content\/uploads\/2024\/09\/1714477435228.jpg 720w, https:\/\/turboideal.com\/wp-content\/uploads\/2024\/09\/1714477435228-300x225.jpg 300w, https:\/\/turboideal.com\/wp-content\/uploads\/2024\/09\/1714477435228-400x300.jpg 400w, https:\/\/turboideal.com\/wp-content\/uploads\/2024\/09\/1714477435228-600x450.jpg 600w\" sizes=\"auto, (max-width: 720px) 100vw, 720px\" \/><\/a><figcaption class=\"wp-element-caption\">Majstorska konvencija odr\u017eana u Ni\u0161u odr\u017eana u aprilu ove godine<\/figcaption><\/figure>\n\n\n\n<figure class=\"wp-block-image size-large\"><a href=\"https:\/\/turboideal.com\/wp-content\/uploads\/2024\/09\/Sertifikat-B.jpg\"><img loading=\"lazy\" decoding=\"async\" width=\"1024\" height=\"768\" src=\"https:\/\/turboideal.com\/wp-content\/uploads\/2024\/09\/Sertifikat-B-1024x768.jpg\" alt=\"\" class=\"wp-image-51103\" srcset=\"https:\/\/turboideal.com\/wp-content\/uploads\/2024\/09\/Sertifikat-B-1024x768.jpg 1024w, https:\/\/turboideal.com\/wp-content\/uploads\/2024\/09\/Sertifikat-B-300x225.jpg 300w, https:\/\/turboideal.com\/wp-content\/uploads\/2024\/09\/Sertifikat-B-768x576.jpg 768w, https:\/\/turboideal.com\/wp-content\/uploads\/2024\/09\/Sertifikat-B-1536x1152.jpg 1536w, https:\/\/turboideal.com\/wp-content\/uploads\/2024\/09\/Sertifikat-B-400x300.jpg 400w, https:\/\/turboideal.com\/wp-content\/uploads\/2024\/09\/Sertifikat-B-600x450.jpg 600w, https:\/\/turboideal.com\/wp-content\/uploads\/2024\/09\/Sertifikat-B.jpg 1600w\" sizes=\"auto, (max-width: 1024px) 100vw, 1024px\" \/><\/a><figcaption class=\"wp-element-caption\">Majstorska konvencija odr\u017eana u Kru\u0161evcu u junu ove godine<\/figcaption><\/figure>\n","protected":false},"excerpt":{"rendered":"<p>Po\u0161tovane kolege, Ponovo se okupljamo u zapadnoj Srbiji, ovoga puta na doga\u0111aju MajKon ZAPAD, 28. septembra 2024.godine na Zlatiboru. Prijatelji udru\u017eenja su pripremili predavanja na teme koje su od zna\u010daja za autoindustriju i same mehani\u010dare i obuhvataju \u0161irok spektar usluga u razli\u010ditim domenima poslovanja. Detaljan program sa satnicama predavanja se nalazi u nastavku. Kao i [&hellip;]<\/p>\n","protected":false},"author":29,"featured_media":51095,"comment_status":"closed","ping_status":"open","sticky":false,"template":"","format":"standard","meta":{"_acf_changed":false,"jetpack_post_was_ever_published":false,"_jetpack_newsletter_access":"","_jetpack_dont_email_post_to_subs":false,"_jetpack_newsletter_tier_id":0,"_jetpack_memberships_contains_paywalled_content":false,"_jetpack_memberships_contains_paid_content":false,"footnotes":""},"categories":[42],"tags":[],"class_list":["post-51094","post","type-post","status-publish","format-standard","has-post-thumbnail","hentry","category-news"],"acf":[],"yoast_head":"<!-- This site is optimized with the Yoast SEO plugin v26.9 - https:\/\/yoast.com\/product\/yoast-seo-wordpress\/ -->\n<title>MAJSTORSKA KONVENCIJA ZAPADNA SRBIJA-Inovacioni biznis centar ZLATIBOR,SUBOTA, 28. SEPTEMBAR 2024.godine - Turbo Ideal<\/title>\n<meta name=\"description\" content=\"MAJSTORSKA KONVENCIJA ZAPADNA SRBIJA-Inovacioni biznis centar ZLATIBOR,SUBOTA, 28. SEPTEMBAR 2024.godine\" \/>\n<meta name=\"robots\" content=\"index, follow, max-snippet:-1, max-image-preview:large, max-video-preview:-1\" \/>\n<link rel=\"canonical\" href=\"https:\/\/turboideal.com\/sr\/majstorska-konvencija-zapadna-srbija-inovacioni-biznis-centar-zlatiborsubota-28-septembar-2024-godine\/\" \/>\n<meta property=\"og:locale\" content=\"sr_RS\" \/>\n<meta property=\"og:type\" content=\"article\" \/>\n<meta property=\"og:title\" content=\"MAJSTORSKA KONVENCIJA ZAPADNA SRBIJA-Inovacioni biznis centar ZLATIBOR,SUBOTA, 28. SEPTEMBAR 2024.godine - Turbo Ideal\" \/>\n<meta property=\"og:description\" content=\"MAJSTORSKA KONVENCIJA ZAPADNA SRBIJA-Inovacioni biznis centar ZLATIBOR,SUBOTA, 28. SEPTEMBAR 2024.godine\" \/>\n<meta property=\"og:url\" content=\"https:\/\/turboideal.com\/sr\/majstorska-konvencija-zapadna-srbija-inovacioni-biznis-centar-zlatiborsubota-28-septembar-2024-godine\/\" \/>\n<meta property=\"og:site_name\" content=\"Turbo Ideal\" \/>\n<meta property=\"article:published_time\" content=\"2024-09-18T08:04:08+00:00\" \/>\n<meta property=\"article:modified_time\" content=\"2024-09-19T08:15:27+00:00\" \/>\n<meta property=\"og:image\" content=\"https:\/\/turboideal.com\/wp-content\/uploads\/2024\/09\/viber_slika_2024-09-16_09-31-26-439.jpg\" \/>\n\t<meta property=\"og:image:width\" content=\"1600\" \/>\n\t<meta property=\"og:image:height\" content=\"1600\" \/>\n\t<meta property=\"og:image:type\" content=\"image\/jpeg\" \/>\n<meta name=\"author\" content=\"Marija\" \/>\n<meta name=\"twitter:card\" content=\"summary_large_image\" \/>\n<meta name=\"twitter:label1\" content=\"Napisano od\" \/>\n\t<meta name=\"twitter:data1\" content=\"Marija\" \/>\n\t<meta name=\"twitter:label2\" content=\"Procenjeno vreme \u010ditanja\" \/>\n\t<meta name=\"twitter:data2\" content=\"2 minuta\" \/>\n<script type=\"application\/ld+json\" class=\"yoast-schema-graph\">{\"@context\":\"https:\/\/schema.org\",\"@graph\":[{\"@type\":\"Article\",\"@id\":\"https:\/\/turboideal.com\/sr\/majstorska-konvencija-zapadna-srbija-inovacioni-biznis-centar-zlatiborsubota-28-septembar-2024-godine\/#article\",\"isPartOf\":{\"@id\":\"https:\/\/turboideal.com\/sr\/majstorska-konvencija-zapadna-srbija-inovacioni-biznis-centar-zlatiborsubota-28-septembar-2024-godine\/\"},\"author\":{\"name\":\"Marija\",\"@id\":\"https:\/\/turboideal.com\/#\/schema\/person\/cf865aecfcd32bed661092cfbe6c0143\"},\"headline\":\"MAJSTORSKA KONVENCIJA ZAPADNA SRBIJA-Inovacioni biznis centar ZLATIBOR,SUBOTA, 28. SEPTEMBAR 2024.godine\",\"datePublished\":\"2024-09-18T08:04:08+00:00\",\"dateModified\":\"2024-09-19T08:15:27+00:00\",\"mainEntityOfPage\":{\"@id\":\"https:\/\/turboideal.com\/sr\/majstorska-konvencija-zapadna-srbija-inovacioni-biznis-centar-zlatiborsubota-28-septembar-2024-godine\/\"},\"wordCount\":139,\"image\":{\"@id\":\"https:\/\/turboideal.com\/sr\/majstorska-konvencija-zapadna-srbija-inovacioni-biznis-centar-zlatiborsubota-28-septembar-2024-godine\/#primaryimage\"},\"thumbnailUrl\":\"https:\/\/turboideal.com\/wp-content\/uploads\/2024\/09\/viber_slika_2024-09-16_09-31-26-439.jpg\",\"articleSection\":[\"News\"],\"inLanguage\":\"sr-RS\"},{\"@type\":\"WebPage\",\"@id\":\"https:\/\/turboideal.com\/sr\/majstorska-konvencija-zapadna-srbija-inovacioni-biznis-centar-zlatiborsubota-28-septembar-2024-godine\/\",\"url\":\"https:\/\/turboideal.com\/sr\/majstorska-konvencija-zapadna-srbija-inovacioni-biznis-centar-zlatiborsubota-28-septembar-2024-godine\/\",\"name\":\"MAJSTORSKA KONVENCIJA ZAPADNA SRBIJA-Inovacioni biznis centar ZLATIBOR,SUBOTA, 28. SEPTEMBAR 2024.godine - Turbo Ideal\",\"isPartOf\":{\"@id\":\"https:\/\/turboideal.com\/#website\"},\"primaryImageOfPage\":{\"@id\":\"https:\/\/turboideal.com\/sr\/majstorska-konvencija-zapadna-srbija-inovacioni-biznis-centar-zlatiborsubota-28-septembar-2024-godine\/#primaryimage\"},\"image\":{\"@id\":\"https:\/\/turboideal.com\/sr\/majstorska-konvencija-zapadna-srbija-inovacioni-biznis-centar-zlatiborsubota-28-septembar-2024-godine\/#primaryimage\"},\"thumbnailUrl\":\"https:\/\/turboideal.com\/wp-content\/uploads\/2024\/09\/viber_slika_2024-09-16_09-31-26-439.jpg\",\"datePublished\":\"2024-09-18T08:04:08+00:00\",\"dateModified\":\"2024-09-19T08:15:27+00:00\",\"author\":{\"@id\":\"https:\/\/turboideal.com\/#\/schema\/person\/cf865aecfcd32bed661092cfbe6c0143\"},\"description\":\"MAJSTORSKA KONVENCIJA ZAPADNA SRBIJA-Inovacioni biznis centar ZLATIBOR,SUBOTA, 28. SEPTEMBAR 2024.godine\",\"breadcrumb\":{\"@id\":\"https:\/\/turboideal.com\/sr\/majstorska-konvencija-zapadna-srbija-inovacioni-biznis-centar-zlatiborsubota-28-septembar-2024-godine\/#breadcrumb\"},\"inLanguage\":\"sr-RS\",\"potentialAction\":[{\"@type\":\"ReadAction\",\"target\":[\"https:\/\/turboideal.com\/sr\/majstorska-konvencija-zapadna-srbija-inovacioni-biznis-centar-zlatiborsubota-28-septembar-2024-godine\/\"]}]},{\"@type\":\"ImageObject\",\"inLanguage\":\"sr-RS\",\"@id\":\"https:\/\/turboideal.com\/sr\/majstorska-konvencija-zapadna-srbija-inovacioni-biznis-centar-zlatiborsubota-28-septembar-2024-godine\/#primaryimage\",\"url\":\"https:\/\/turboideal.com\/wp-content\/uploads\/2024\/09\/viber_slika_2024-09-16_09-31-26-439.jpg\",\"contentUrl\":\"https:\/\/turboideal.com\/wp-content\/uploads\/2024\/09\/viber_slika_2024-09-16_09-31-26-439.jpg\",\"width\":1600,\"height\":1600,\"caption\":\"\"},{\"@type\":\"BreadcrumbList\",\"@id\":\"https:\/\/turboideal.com\/sr\/majstorska-konvencija-zapadna-srbija-inovacioni-biznis-centar-zlatiborsubota-28-septembar-2024-godine\/#breadcrumb\",\"itemListElement\":[{\"@type\":\"ListItem\",\"position\":1,\"name\":\"Home\",\"item\":\"https:\/\/turboideal.com\/sr\/\"},{\"@type\":\"ListItem\",\"position\":2,\"name\":\"MAJSTORSKA KONVENCIJA ZAPADNA SRBIJA-Inovacioni biznis centar ZLATIBOR,SUBOTA, 28. SEPTEMBAR 2024.godine\"}]},{\"@type\":\"WebSite\",\"@id\":\"https:\/\/turboideal.com\/#website\",\"url\":\"https:\/\/turboideal.com\/\",\"name\":\"Turbo Ideal\",\"description\":\"Turbocharger parts\",\"potentialAction\":[{\"@type\":\"SearchAction\",\"target\":{\"@type\":\"EntryPoint\",\"urlTemplate\":\"https:\/\/turboideal.com\/?s={search_term_string}\"},\"query-input\":{\"@type\":\"PropertyValueSpecification\",\"valueRequired\":true,\"valueName\":\"search_term_string\"}}],\"inLanguage\":\"sr-RS\"},{\"@type\":\"Person\",\"@id\":\"https:\/\/turboideal.com\/#\/schema\/person\/cf865aecfcd32bed661092cfbe6c0143\",\"name\":\"Marija\",\"image\":{\"@type\":\"ImageObject\",\"inLanguage\":\"sr-RS\",\"@id\":\"https:\/\/turboideal.com\/#\/schema\/person\/image\/\",\"url\":\"https:\/\/secure.gravatar.com\/avatar\/8c38bf85c68d7dde8ec77a69c5012d0ab80418ee751d057e3f9da5de60956285?s=96&d=mm&r=g\",\"contentUrl\":\"https:\/\/secure.gravatar.com\/avatar\/8c38bf85c68d7dde8ec77a69c5012d0ab80418ee751d057e3f9da5de60956285?s=96&d=mm&r=g\",\"caption\":\"Marija\"},\"url\":\"https:\/\/turboideal.com\/sr\/author\/marija\/\"}]}<\/script>\n<!-- \/ Yoast SEO plugin. -->","yoast_head_json":{"title":"MAJSTORSKA KONVENCIJA ZAPADNA SRBIJA-Inovacioni biznis centar ZLATIBOR,SUBOTA, 28. SEPTEMBAR 2024.godine - Turbo Ideal","description":"MAJSTORSKA KONVENCIJA ZAPADNA SRBIJA-Inovacioni biznis centar ZLATIBOR,SUBOTA, 28. SEPTEMBAR 2024.godine","robots":{"index":"index","follow":"follow","max-snippet":"max-snippet:-1","max-image-preview":"max-image-preview:large","max-video-preview":"max-video-preview:-1"},"canonical":"https:\/\/turboideal.com\/sr\/majstorska-konvencija-zapadna-srbija-inovacioni-biznis-centar-zlatiborsubota-28-septembar-2024-godine\/","og_locale":"sr_RS","og_type":"article","og_title":"MAJSTORSKA KONVENCIJA ZAPADNA SRBIJA-Inovacioni biznis centar ZLATIBOR,SUBOTA, 28. SEPTEMBAR 2024.godine - Turbo Ideal","og_description":"MAJSTORSKA KONVENCIJA ZAPADNA SRBIJA-Inovacioni biznis centar ZLATIBOR,SUBOTA, 28. SEPTEMBAR 2024.godine","og_url":"https:\/\/turboideal.com\/sr\/majstorska-konvencija-zapadna-srbija-inovacioni-biznis-centar-zlatiborsubota-28-septembar-2024-godine\/","og_site_name":"Turbo Ideal","article_published_time":"2024-09-18T08:04:08+00:00","article_modified_time":"2024-09-19T08:15:27+00:00","og_image":[{"width":1600,"height":1600,"url":"https:\/\/turboideal.com\/wp-content\/uploads\/2024\/09\/viber_slika_2024-09-16_09-31-26-439.jpg","type":"image\/jpeg"}],"author":"Marija","twitter_card":"summary_large_image","twitter_misc":{"Napisano od":"Marija","Procenjeno vreme \u010ditanja":"2 minuta"},"schema":{"@context":"https:\/\/schema.org","@graph":[{"@type":"Article","@id":"https:\/\/turboideal.com\/sr\/majstorska-konvencija-zapadna-srbija-inovacioni-biznis-centar-zlatiborsubota-28-septembar-2024-godine\/#article","isPartOf":{"@id":"https:\/\/turboideal.com\/sr\/majstorska-konvencija-zapadna-srbija-inovacioni-biznis-centar-zlatiborsubota-28-septembar-2024-godine\/"},"author":{"name":"Marija","@id":"https:\/\/turboideal.com\/#\/schema\/person\/cf865aecfcd32bed661092cfbe6c0143"},"headline":"MAJSTORSKA KONVENCIJA ZAPADNA SRBIJA-Inovacioni biznis centar ZLATIBOR,SUBOTA, 28. SEPTEMBAR 2024.godine","datePublished":"2024-09-18T08:04:08+00:00","dateModified":"2024-09-19T08:15:27+00:00","mainEntityOfPage":{"@id":"https:\/\/turboideal.com\/sr\/majstorska-konvencija-zapadna-srbija-inovacioni-biznis-centar-zlatiborsubota-28-septembar-2024-godine\/"},"wordCount":139,"image":{"@id":"https:\/\/turboideal.com\/sr\/majstorska-konvencija-zapadna-srbija-inovacioni-biznis-centar-zlatiborsubota-28-septembar-2024-godine\/#primaryimage"},"thumbnailUrl":"https:\/\/turboideal.com\/wp-content\/uploads\/2024\/09\/viber_slika_2024-09-16_09-31-26-439.jpg","articleSection":["News"],"inLanguage":"sr-RS"},{"@type":"WebPage","@id":"https:\/\/turboideal.com\/sr\/majstorska-konvencija-zapadna-srbija-inovacioni-biznis-centar-zlatiborsubota-28-septembar-2024-godine\/","url":"https:\/\/turboideal.com\/sr\/majstorska-konvencija-zapadna-srbija-inovacioni-biznis-centar-zlatiborsubota-28-septembar-2024-godine\/","name":"MAJSTORSKA KONVENCIJA ZAPADNA SRBIJA-Inovacioni biznis centar ZLATIBOR,SUBOTA, 28. SEPTEMBAR 2024.godine - Turbo Ideal","isPartOf":{"@id":"https:\/\/turboideal.com\/#website"},"primaryImageOfPage":{"@id":"https:\/\/turboideal.com\/sr\/majstorska-konvencija-zapadna-srbija-inovacioni-biznis-centar-zlatiborsubota-28-septembar-2024-godine\/#primaryimage"},"image":{"@id":"https:\/\/turboideal.com\/sr\/majstorska-konvencija-zapadna-srbija-inovacioni-biznis-centar-zlatiborsubota-28-septembar-2024-godine\/#primaryimage"},"thumbnailUrl":"https:\/\/turboideal.com\/wp-content\/uploads\/2024\/09\/viber_slika_2024-09-16_09-31-26-439.jpg","datePublished":"2024-09-18T08:04:08+00:00","dateModified":"2024-09-19T08:15:27+00:00","author":{"@id":"https:\/\/turboideal.com\/#\/schema\/person\/cf865aecfcd32bed661092cfbe6c0143"},"description":"MAJSTORSKA KONVENCIJA ZAPADNA SRBIJA-Inovacioni biznis centar ZLATIBOR,SUBOTA, 28. SEPTEMBAR 2024.godine","breadcrumb":{"@id":"https:\/\/turboideal.com\/sr\/majstorska-konvencija-zapadna-srbija-inovacioni-biznis-centar-zlatiborsubota-28-septembar-2024-godine\/#breadcrumb"},"inLanguage":"sr-RS","potentialAction":[{"@type":"ReadAction","target":["https:\/\/turboideal.com\/sr\/majstorska-konvencija-zapadna-srbija-inovacioni-biznis-centar-zlatiborsubota-28-septembar-2024-godine\/"]}]},{"@type":"ImageObject","inLanguage":"sr-RS","@id":"https:\/\/turboideal.com\/sr\/majstorska-konvencija-zapadna-srbija-inovacioni-biznis-centar-zlatiborsubota-28-septembar-2024-godine\/#primaryimage","url":"https:\/\/turboideal.com\/wp-content\/uploads\/2024\/09\/viber_slika_2024-09-16_09-31-26-439.jpg","contentUrl":"https:\/\/turboideal.com\/wp-content\/uploads\/2024\/09\/viber_slika_2024-09-16_09-31-26-439.jpg","width":1600,"height":1600,"caption":""},{"@type":"BreadcrumbList","@id":"https:\/\/turboideal.com\/sr\/majstorska-konvencija-zapadna-srbija-inovacioni-biznis-centar-zlatiborsubota-28-septembar-2024-godine\/#breadcrumb","itemListElement":[{"@type":"ListItem","position":1,"name":"Home","item":"https:\/\/turboideal.com\/sr\/"},{"@type":"ListItem","position":2,"name":"MAJSTORSKA KONVENCIJA ZAPADNA SRBIJA-Inovacioni biznis centar ZLATIBOR,SUBOTA, 28. SEPTEMBAR 2024.godine"}]},{"@type":"WebSite","@id":"https:\/\/turboideal.com\/#website","url":"https:\/\/turboideal.com\/","name":"Turbo Ideal","description":"Turbocharger parts","potentialAction":[{"@type":"SearchAction","target":{"@type":"EntryPoint","urlTemplate":"https:\/\/turboideal.com\/?s={search_term_string}"},"query-input":{"@type":"PropertyValueSpecification","valueRequired":true,"valueName":"search_term_string"}}],"inLanguage":"sr-RS"},{"@type":"Person","@id":"https:\/\/turboideal.com\/#\/schema\/person\/cf865aecfcd32bed661092cfbe6c0143","name":"Marija","image":{"@type":"ImageObject","inLanguage":"sr-RS","@id":"https:\/\/turboideal.com\/#\/schema\/person\/image\/","url":"https:\/\/secure.gravatar.com\/avatar\/8c38bf85c68d7dde8ec77a69c5012d0ab80418ee751d057e3f9da5de60956285?s=96&d=mm&r=g","contentUrl":"https:\/\/secure.gravatar.com\/avatar\/8c38bf85c68d7dde8ec77a69c5012d0ab80418ee751d057e3f9da5de60956285?s=96&d=mm&r=g","caption":"Marija"},"url":"https:\/\/turboideal.com\/sr\/author\/marija\/"}]}},"jetpack_featured_media_url":"https:\/\/turboideal.com\/wp-content\/uploads\/2024\/09\/viber_slika_2024-09-16_09-31-26-439.jpg","jetpack_sharing_enabled":true,"jetpack_likes_enabled":false,"jetpack-related-posts":[],"_links":{"self":[{"href":"https:\/\/turboideal.com\/sr\/wp-json\/wp\/v2\/posts\/51094","targetHints":{"allow":["GET"]}}],"collection":[{"href":"https:\/\/turboideal.com\/sr\/wp-json\/wp\/v2\/posts"}],"about":[{"href":"https:\/\/turboideal.com\/sr\/wp-json\/wp\/v2\/types\/post"}],"author":[{"embeddable":true,"href":"https:\/\/turboideal.com\/sr\/wp-json\/wp\/v2\/users\/29"}],"replies":[{"embeddable":true,"href":"https:\/\/turboideal.com\/sr\/wp-json\/wp\/v2\/comments?post=51094"}],"version-history":[{"count":2,"href":"https:\/\/turboideal.com\/sr\/wp-json\/wp\/v2\/posts\/51094\/revisions"}],"predecessor-version":[{"id":51106,"href":"https:\/\/turboideal.com\/sr\/wp-json\/wp\/v2\/posts\/51094\/revisions\/51106"}],"wp:featuredmedia":[{"embeddable":true,"href":"https:\/\/turboideal.com\/sr\/wp-json\/wp\/v2\/media\/51095"}],"wp:attachment":[{"href":"https:\/\/turboideal.com\/sr\/wp-json\/wp\/v2\/media?parent=51094"}],"wp:term":[{"taxonomy":"category","embeddable":true,"href":"https:\/\/turboideal.com\/sr\/wp-json\/wp\/v2\/categories?post=51094"},{"taxonomy":"post_tag","embeddable":true,"href":"https:\/\/turboideal.com\/sr\/wp-json\/wp\/v2\/tags?post=51094"}],"curies":[{"name":"wp","href":"https:\/\/api.w.org\/{rel}","templated":true}]}}