{"id":49749,"date":"2024-03-20T13:44:36","date_gmt":"2024-03-20T13:44:36","guid":{"rendered":"https:\/\/turboideal.com\/?p=49749"},"modified":"2024-03-20T13:55:10","modified_gmt":"2024-03-20T13:55:10","slug":"udruzenje-auto-servisi-i-prijatelji-i-ove-godine-na-ddor-bg-car-show-u","status":"publish","type":"post","link":"https:\/\/turboideal.com\/sr\/udruzenje-auto-servisi-i-prijatelji-i-ove-godine-na-ddor-bg-car-show-u\/","title":{"rendered":"Udru\u017eenje Auto servisi i prijatelji i ove godine na DDOR BG CAR SHOW-u!"},"content":{"rendered":"\n<p><strong>Vidimo se na ovogodi\u0161njem BG CAR SHOW-u na Beogradskom sajmu 21-27.MART \/ Hala 1a<\/strong><\/p>\n\n\n\n<p>\u0160tand UAS-a bi\u0107e u Hali 1a, gde \u0107e svi posetioci imati prilike da se informi\u0161u o radu i zajedni\u010dkim ciljevima jedinog strukovnog udru\u017eenja u zemlji. Pozivamo sve servisere koji imaju registrovane radionice da posete na\u0161 \u0161tand.<\/p>\n\n\n\n<p>Kolege autoserviseri koji nisu \u010dlanovi udru\u017eenja, ima\u0107e prilike da se priklju\u010de udru\u017eenju koje sada broji preko pet stotina legalnih servisa i ostvare brojne pogodnosti, koje im obezbe\u0111uju prijatelji.<\/p>\n\n\n\n<p>Neke od pogodnosti koje kompanija\u00a0Turbo Ideal\u00a0i <a href=\"http:\/\/www.motorkov.com\">turbo servis Motorkov<\/a> nude \u010dlanovima udru\u017eenja:<\/p>\n\n\n\n<ul class=\"wp-block-list\">\n<li>Prilago\u0111ene cene za nove i remontovane turbokompresore kao i delovi i oprema za remont turbokompresora<\/li>\n\n\n\n<li>Tehni\u010dka podr\u0161ka i pru\u017eanje saveta za re\u0161avanje problema oko dodatnih kvarova<\/li>\n\n\n\n<li>Umre\u017eavanje sa servisnim centrima na teritoriji \u010ditavog Balkana i Evrope<\/li>\n\n\n\n<li>Sveobuhvatna ponuda zamenskih delova za remont turbokompresora koji su projektovani i proizvedeni po OEM standardima<\/li>\n\n\n\n<li>Kompletna ponuda opreme i ma\u0161ina za remont turbokompresora, testiranje i programiranje elektronskih aktuatora<\/li>\n<\/ul>\n\n\n\n<p>Na \u0161tandu UAS-a serviseri \u0107e mo\u0107i da razgovaraju i informii\u0161u se o pogodnostima za \u010dlanove sa predstavnicima kompanija koje tako\u0111e podr\u017eavaju rad Udru\u017eenja.<\/p>\n\n\n\n<p>Dobro do\u0161li!<\/p>\n\n\n\n<figure class=\"wp-block-image size-large\"><a href=\"https:\/\/turboideal.com\/wp-content\/uploads\/2024\/03\/viber_slika_2024-03-20_13-57-18-247-1.jpg\"><img loading=\"lazy\" decoding=\"async\" width=\"1001\" height=\"1024\" src=\"https:\/\/turboideal.com\/wp-content\/uploads\/2024\/03\/viber_slika_2024-03-20_13-57-18-247-1-1001x1024.jpg\" alt=\"\" class=\"wp-image-49754\" srcset=\"https:\/\/turboideal.com\/wp-content\/uploads\/2024\/03\/viber_slika_2024-03-20_13-57-18-247-1-1001x1024.jpg 1001w, https:\/\/turboideal.com\/wp-content\/uploads\/2024\/03\/viber_slika_2024-03-20_13-57-18-247-1-293x300.jpg 293w, https:\/\/turboideal.com\/wp-content\/uploads\/2024\/03\/viber_slika_2024-03-20_13-57-18-247-1-768x786.jpg 768w, https:\/\/turboideal.com\/wp-content\/uploads\/2024\/03\/viber_slika_2024-03-20_13-57-18-247-1-400x409.jpg 400w, https:\/\/turboideal.com\/wp-content\/uploads\/2024\/03\/viber_slika_2024-03-20_13-57-18-247-1-600x614.jpg 600w, https:\/\/turboideal.com\/wp-content\/uploads\/2024\/03\/viber_slika_2024-03-20_13-57-18-247-1.jpg 1040w\" sizes=\"auto, (max-width: 1001px) 100vw, 1001px\" \/><\/a><\/figure>\n\n\n\n<p><\/p>\n","protected":false},"excerpt":{"rendered":"<p>Vidimo se na ovogodi\u0161njem BG CAR SHOW-u na Beogradskom sajmu 21-27.MART \/ Hala 1a \u0160tand UAS-a bi\u0107e u Hali 1a, gde \u0107e svi posetioci imati prilike da se informi\u0161u o radu i zajedni\u010dkim ciljevima jedinog strukovnog udru\u017eenja u zemlji. Pozivamo sve servisere koji imaju registrovane radionice da posete na\u0161 \u0161tand. Kolege autoserviseri koji nisu \u010dlanovi [&hellip;]<\/p>\n","protected":false},"author":13,"featured_media":49750,"comment_status":"closed","ping_status":"open","sticky":false,"template":"","format":"standard","meta":{"_acf_changed":false,"jetpack_post_was_ever_published":false,"_jetpack_newsletter_access":"","_jetpack_dont_email_post_to_subs":false,"_jetpack_newsletter_tier_id":0,"_jetpack_memberships_contains_paywalled_content":false,"_jetpack_memberships_contains_paid_content":false,"footnotes":""},"categories":[42],"tags":[],"class_list":["post-49749","post","type-post","status-publish","format-standard","has-post-thumbnail","hentry","category-news"],"acf":[],"yoast_head":"<!-- This site is optimized with the Yoast SEO plugin v26.9 - https:\/\/yoast.com\/product\/yoast-seo-wordpress\/ -->\n<title>Udru\u017eenje Auto servisi i prijatelji i ove godine na DDOR BG CAR SHOW-u! - Turbo Ideal<\/title>\n<meta name=\"description\" content=\"Udru\u017eenje Auto servisi i prijatelji i ove godine na DDOR BG CAR SHOW-u!\" \/>\n<meta name=\"robots\" content=\"index, follow, max-snippet:-1, max-image-preview:large, max-video-preview:-1\" \/>\n<link rel=\"canonical\" href=\"https:\/\/turboideal.com\/sr\/udruzenje-auto-servisi-i-prijatelji-i-ove-godine-na-ddor-bg-car-show-u\/\" \/>\n<meta property=\"og:locale\" content=\"sr_RS\" \/>\n<meta property=\"og:type\" content=\"article\" \/>\n<meta property=\"og:title\" content=\"Udru\u017eenje Auto servisi i prijatelji i ove godine na DDOR BG CAR SHOW-u! - Turbo Ideal\" \/>\n<meta property=\"og:description\" content=\"Udru\u017eenje Auto servisi i prijatelji i ove godine na DDOR BG CAR SHOW-u!\" \/>\n<meta property=\"og:url\" content=\"https:\/\/turboideal.com\/sr\/udruzenje-auto-servisi-i-prijatelji-i-ove-godine-na-ddor-bg-car-show-u\/\" \/>\n<meta property=\"og:site_name\" content=\"Turbo Ideal\" \/>\n<meta property=\"article:published_time\" content=\"2024-03-20T13:44:36+00:00\" \/>\n<meta property=\"article:modified_time\" content=\"2024-03-20T13:55:10+00:00\" \/>\n<meta property=\"og:image\" content=\"https:\/\/turboideal.com\/wp-content\/uploads\/2024\/03\/viber_slika_2024-03-20_13-56-52-203.jpg\" \/>\n\t<meta property=\"og:image:width\" content=\"1600\" \/>\n\t<meta property=\"og:image:height\" content=\"1600\" \/>\n\t<meta property=\"og:image:type\" content=\"image\/jpeg\" \/>\n<meta name=\"author\" content=\"Danijela Barac\" \/>\n<meta name=\"twitter:card\" content=\"summary_large_image\" \/>\n<meta name=\"twitter:label1\" content=\"Napisano od\" \/>\n\t<meta name=\"twitter:data1\" content=\"Danijela Barac\" \/>\n\t<meta name=\"twitter:label2\" content=\"Procenjeno vreme \u010ditanja\" \/>\n\t<meta name=\"twitter:data2\" content=\"2 minuta\" \/>\n<script type=\"application\/ld+json\" class=\"yoast-schema-graph\">{\"@context\":\"https:\/\/schema.org\",\"@graph\":[{\"@type\":\"Article\",\"@id\":\"https:\/\/turboideal.com\/sr\/udruzenje-auto-servisi-i-prijatelji-i-ove-godine-na-ddor-bg-car-show-u\/#article\",\"isPartOf\":{\"@id\":\"https:\/\/turboideal.com\/sr\/udruzenje-auto-servisi-i-prijatelji-i-ove-godine-na-ddor-bg-car-show-u\/\"},\"author\":{\"name\":\"Danijela Barac\",\"@id\":\"https:\/\/turboideal.com\/#\/schema\/person\/d21242d1bdaf9b8def337eaed0b46611\"},\"headline\":\"Udru\u017eenje Auto servisi i prijatelji i ove godine na DDOR BG CAR SHOW-u!\",\"datePublished\":\"2024-03-20T13:44:36+00:00\",\"dateModified\":\"2024-03-20T13:55:10+00:00\",\"mainEntityOfPage\":{\"@id\":\"https:\/\/turboideal.com\/sr\/udruzenje-auto-servisi-i-prijatelji-i-ove-godine-na-ddor-bg-car-show-u\/\"},\"wordCount\":219,\"image\":{\"@id\":\"https:\/\/turboideal.com\/sr\/udruzenje-auto-servisi-i-prijatelji-i-ove-godine-na-ddor-bg-car-show-u\/#primaryimage\"},\"thumbnailUrl\":\"https:\/\/turboideal.com\/wp-content\/uploads\/2024\/03\/viber_slika_2024-03-20_13-56-52-203.jpg\",\"articleSection\":[\"News\"],\"inLanguage\":\"sr-RS\"},{\"@type\":\"WebPage\",\"@id\":\"https:\/\/turboideal.com\/sr\/udruzenje-auto-servisi-i-prijatelji-i-ove-godine-na-ddor-bg-car-show-u\/\",\"url\":\"https:\/\/turboideal.com\/sr\/udruzenje-auto-servisi-i-prijatelji-i-ove-godine-na-ddor-bg-car-show-u\/\",\"name\":\"Udru\u017eenje Auto servisi i prijatelji i ove godine na DDOR BG CAR SHOW-u! - Turbo Ideal\",\"isPartOf\":{\"@id\":\"https:\/\/turboideal.com\/#website\"},\"primaryImageOfPage\":{\"@id\":\"https:\/\/turboideal.com\/sr\/udruzenje-auto-servisi-i-prijatelji-i-ove-godine-na-ddor-bg-car-show-u\/#primaryimage\"},\"image\":{\"@id\":\"https:\/\/turboideal.com\/sr\/udruzenje-auto-servisi-i-prijatelji-i-ove-godine-na-ddor-bg-car-show-u\/#primaryimage\"},\"thumbnailUrl\":\"https:\/\/turboideal.com\/wp-content\/uploads\/2024\/03\/viber_slika_2024-03-20_13-56-52-203.jpg\",\"datePublished\":\"2024-03-20T13:44:36+00:00\",\"dateModified\":\"2024-03-20T13:55:10+00:00\",\"author\":{\"@id\":\"https:\/\/turboideal.com\/#\/schema\/person\/d21242d1bdaf9b8def337eaed0b46611\"},\"description\":\"Udru\u017eenje Auto servisi i prijatelji i ove godine na DDOR BG CAR SHOW-u!\",\"breadcrumb\":{\"@id\":\"https:\/\/turboideal.com\/sr\/udruzenje-auto-servisi-i-prijatelji-i-ove-godine-na-ddor-bg-car-show-u\/#breadcrumb\"},\"inLanguage\":\"sr-RS\",\"potentialAction\":[{\"@type\":\"ReadAction\",\"target\":[\"https:\/\/turboideal.com\/sr\/udruzenje-auto-servisi-i-prijatelji-i-ove-godine-na-ddor-bg-car-show-u\/\"]}]},{\"@type\":\"ImageObject\",\"inLanguage\":\"sr-RS\",\"@id\":\"https:\/\/turboideal.com\/sr\/udruzenje-auto-servisi-i-prijatelji-i-ove-godine-na-ddor-bg-car-show-u\/#primaryimage\",\"url\":\"https:\/\/turboideal.com\/wp-content\/uploads\/2024\/03\/viber_slika_2024-03-20_13-56-52-203.jpg\",\"contentUrl\":\"https:\/\/turboideal.com\/wp-content\/uploads\/2024\/03\/viber_slika_2024-03-20_13-56-52-203.jpg\",\"width\":1600,\"height\":1600},{\"@type\":\"BreadcrumbList\",\"@id\":\"https:\/\/turboideal.com\/sr\/udruzenje-auto-servisi-i-prijatelji-i-ove-godine-na-ddor-bg-car-show-u\/#breadcrumb\",\"itemListElement\":[{\"@type\":\"ListItem\",\"position\":1,\"name\":\"Home\",\"item\":\"https:\/\/turboideal.com\/sr\/\"},{\"@type\":\"ListItem\",\"position\":2,\"name\":\"Udru\u017eenje Auto servisi i prijatelji i ove godine na DDOR BG CAR SHOW-u!\"}]},{\"@type\":\"WebSite\",\"@id\":\"https:\/\/turboideal.com\/#website\",\"url\":\"https:\/\/turboideal.com\/\",\"name\":\"Turbo Ideal\",\"description\":\"Turbocharger parts\",\"potentialAction\":[{\"@type\":\"SearchAction\",\"target\":{\"@type\":\"EntryPoint\",\"urlTemplate\":\"https:\/\/turboideal.com\/?s={search_term_string}\"},\"query-input\":{\"@type\":\"PropertyValueSpecification\",\"valueRequired\":true,\"valueName\":\"search_term_string\"}}],\"inLanguage\":\"sr-RS\"},{\"@type\":\"Person\",\"@id\":\"https:\/\/turboideal.com\/#\/schema\/person\/d21242d1bdaf9b8def337eaed0b46611\",\"name\":\"Danijela Barac\",\"image\":{\"@type\":\"ImageObject\",\"inLanguage\":\"sr-RS\",\"@id\":\"https:\/\/turboideal.com\/#\/schema\/person\/image\/\",\"url\":\"https:\/\/secure.gravatar.com\/avatar\/ecf7734e3beebaf2d6eb52691b509542a97ef7802738fa15f7814a0fed0f30e2?s=96&d=mm&r=g\",\"contentUrl\":\"https:\/\/secure.gravatar.com\/avatar\/ecf7734e3beebaf2d6eb52691b509542a97ef7802738fa15f7814a0fed0f30e2?s=96&d=mm&r=g\",\"caption\":\"Danijela Barac\"},\"sameAs\":[\"http:\/\/turboideal.com\"],\"url\":\"https:\/\/turboideal.com\/sr\/author\/danijela-barac\/\"}]}<\/script>\n<!-- \/ Yoast SEO plugin. -->","yoast_head_json":{"title":"Udru\u017eenje Auto servisi i prijatelji i ove godine na DDOR BG CAR SHOW-u! - Turbo Ideal","description":"Udru\u017eenje Auto servisi i prijatelji i ove godine na DDOR BG CAR SHOW-u!","robots":{"index":"index","follow":"follow","max-snippet":"max-snippet:-1","max-image-preview":"max-image-preview:large","max-video-preview":"max-video-preview:-1"},"canonical":"https:\/\/turboideal.com\/sr\/udruzenje-auto-servisi-i-prijatelji-i-ove-godine-na-ddor-bg-car-show-u\/","og_locale":"sr_RS","og_type":"article","og_title":"Udru\u017eenje Auto servisi i prijatelji i ove godine na DDOR BG CAR SHOW-u! - Turbo Ideal","og_description":"Udru\u017eenje Auto servisi i prijatelji i ove godine na DDOR BG CAR SHOW-u!","og_url":"https:\/\/turboideal.com\/sr\/udruzenje-auto-servisi-i-prijatelji-i-ove-godine-na-ddor-bg-car-show-u\/","og_site_name":"Turbo Ideal","article_published_time":"2024-03-20T13:44:36+00:00","article_modified_time":"2024-03-20T13:55:10+00:00","og_image":[{"width":1600,"height":1600,"url":"https:\/\/turboideal.com\/wp-content\/uploads\/2024\/03\/viber_slika_2024-03-20_13-56-52-203.jpg","type":"image\/jpeg"}],"author":"Danijela Barac","twitter_card":"summary_large_image","twitter_misc":{"Napisano od":"Danijela Barac","Procenjeno vreme \u010ditanja":"2 minuta"},"schema":{"@context":"https:\/\/schema.org","@graph":[{"@type":"Article","@id":"https:\/\/turboideal.com\/sr\/udruzenje-auto-servisi-i-prijatelji-i-ove-godine-na-ddor-bg-car-show-u\/#article","isPartOf":{"@id":"https:\/\/turboideal.com\/sr\/udruzenje-auto-servisi-i-prijatelji-i-ove-godine-na-ddor-bg-car-show-u\/"},"author":{"name":"Danijela Barac","@id":"https:\/\/turboideal.com\/#\/schema\/person\/d21242d1bdaf9b8def337eaed0b46611"},"headline":"Udru\u017eenje Auto servisi i prijatelji i ove godine na DDOR BG CAR SHOW-u!","datePublished":"2024-03-20T13:44:36+00:00","dateModified":"2024-03-20T13:55:10+00:00","mainEntityOfPage":{"@id":"https:\/\/turboideal.com\/sr\/udruzenje-auto-servisi-i-prijatelji-i-ove-godine-na-ddor-bg-car-show-u\/"},"wordCount":219,"image":{"@id":"https:\/\/turboideal.com\/sr\/udruzenje-auto-servisi-i-prijatelji-i-ove-godine-na-ddor-bg-car-show-u\/#primaryimage"},"thumbnailUrl":"https:\/\/turboideal.com\/wp-content\/uploads\/2024\/03\/viber_slika_2024-03-20_13-56-52-203.jpg","articleSection":["News"],"inLanguage":"sr-RS"},{"@type":"WebPage","@id":"https:\/\/turboideal.com\/sr\/udruzenje-auto-servisi-i-prijatelji-i-ove-godine-na-ddor-bg-car-show-u\/","url":"https:\/\/turboideal.com\/sr\/udruzenje-auto-servisi-i-prijatelji-i-ove-godine-na-ddor-bg-car-show-u\/","name":"Udru\u017eenje Auto servisi i prijatelji i ove godine na DDOR BG CAR SHOW-u! - Turbo Ideal","isPartOf":{"@id":"https:\/\/turboideal.com\/#website"},"primaryImageOfPage":{"@id":"https:\/\/turboideal.com\/sr\/udruzenje-auto-servisi-i-prijatelji-i-ove-godine-na-ddor-bg-car-show-u\/#primaryimage"},"image":{"@id":"https:\/\/turboideal.com\/sr\/udruzenje-auto-servisi-i-prijatelji-i-ove-godine-na-ddor-bg-car-show-u\/#primaryimage"},"thumbnailUrl":"https:\/\/turboideal.com\/wp-content\/uploads\/2024\/03\/viber_slika_2024-03-20_13-56-52-203.jpg","datePublished":"2024-03-20T13:44:36+00:00","dateModified":"2024-03-20T13:55:10+00:00","author":{"@id":"https:\/\/turboideal.com\/#\/schema\/person\/d21242d1bdaf9b8def337eaed0b46611"},"description":"Udru\u017eenje Auto servisi i prijatelji i ove godine na DDOR BG CAR SHOW-u!","breadcrumb":{"@id":"https:\/\/turboideal.com\/sr\/udruzenje-auto-servisi-i-prijatelji-i-ove-godine-na-ddor-bg-car-show-u\/#breadcrumb"},"inLanguage":"sr-RS","potentialAction":[{"@type":"ReadAction","target":["https:\/\/turboideal.com\/sr\/udruzenje-auto-servisi-i-prijatelji-i-ove-godine-na-ddor-bg-car-show-u\/"]}]},{"@type":"ImageObject","inLanguage":"sr-RS","@id":"https:\/\/turboideal.com\/sr\/udruzenje-auto-servisi-i-prijatelji-i-ove-godine-na-ddor-bg-car-show-u\/#primaryimage","url":"https:\/\/turboideal.com\/wp-content\/uploads\/2024\/03\/viber_slika_2024-03-20_13-56-52-203.jpg","contentUrl":"https:\/\/turboideal.com\/wp-content\/uploads\/2024\/03\/viber_slika_2024-03-20_13-56-52-203.jpg","width":1600,"height":1600},{"@type":"BreadcrumbList","@id":"https:\/\/turboideal.com\/sr\/udruzenje-auto-servisi-i-prijatelji-i-ove-godine-na-ddor-bg-car-show-u\/#breadcrumb","itemListElement":[{"@type":"ListItem","position":1,"name":"Home","item":"https:\/\/turboideal.com\/sr\/"},{"@type":"ListItem","position":2,"name":"Udru\u017eenje Auto servisi i prijatelji i ove godine na DDOR BG CAR SHOW-u!"}]},{"@type":"WebSite","@id":"https:\/\/turboideal.com\/#website","url":"https:\/\/turboideal.com\/","name":"Turbo Ideal","description":"Turbocharger parts","potentialAction":[{"@type":"SearchAction","target":{"@type":"EntryPoint","urlTemplate":"https:\/\/turboideal.com\/?s={search_term_string}"},"query-input":{"@type":"PropertyValueSpecification","valueRequired":true,"valueName":"search_term_string"}}],"inLanguage":"sr-RS"},{"@type":"Person","@id":"https:\/\/turboideal.com\/#\/schema\/person\/d21242d1bdaf9b8def337eaed0b46611","name":"Danijela Barac","image":{"@type":"ImageObject","inLanguage":"sr-RS","@id":"https:\/\/turboideal.com\/#\/schema\/person\/image\/","url":"https:\/\/secure.gravatar.com\/avatar\/ecf7734e3beebaf2d6eb52691b509542a97ef7802738fa15f7814a0fed0f30e2?s=96&d=mm&r=g","contentUrl":"https:\/\/secure.gravatar.com\/avatar\/ecf7734e3beebaf2d6eb52691b509542a97ef7802738fa15f7814a0fed0f30e2?s=96&d=mm&r=g","caption":"Danijela Barac"},"sameAs":["http:\/\/turboideal.com"],"url":"https:\/\/turboideal.com\/sr\/author\/danijela-barac\/"}]}},"jetpack_featured_media_url":"https:\/\/turboideal.com\/wp-content\/uploads\/2024\/03\/viber_slika_2024-03-20_13-56-52-203.jpg","jetpack_sharing_enabled":true,"jetpack_likes_enabled":false,"jetpack-related-posts":[],"_links":{"self":[{"href":"https:\/\/turboideal.com\/sr\/wp-json\/wp\/v2\/posts\/49749","targetHints":{"allow":["GET"]}}],"collection":[{"href":"https:\/\/turboideal.com\/sr\/wp-json\/wp\/v2\/posts"}],"about":[{"href":"https:\/\/turboideal.com\/sr\/wp-json\/wp\/v2\/types\/post"}],"author":[{"embeddable":true,"href":"https:\/\/turboideal.com\/sr\/wp-json\/wp\/v2\/users\/13"}],"replies":[{"embeddable":true,"href":"https:\/\/turboideal.com\/sr\/wp-json\/wp\/v2\/comments?post=49749"}],"version-history":[{"count":1,"href":"https:\/\/turboideal.com\/sr\/wp-json\/wp\/v2\/posts\/49749\/revisions"}],"predecessor-version":[{"id":49756,"href":"https:\/\/turboideal.com\/sr\/wp-json\/wp\/v2\/posts\/49749\/revisions\/49756"}],"wp:featuredmedia":[{"embeddable":true,"href":"https:\/\/turboideal.com\/sr\/wp-json\/wp\/v2\/media\/49750"}],"wp:attachment":[{"href":"https:\/\/turboideal.com\/sr\/wp-json\/wp\/v2\/media?parent=49749"}],"wp:term":[{"taxonomy":"category","embeddable":true,"href":"https:\/\/turboideal.com\/sr\/wp-json\/wp\/v2\/categories?post=49749"},{"taxonomy":"post_tag","embeddable":true,"href":"https:\/\/turboideal.com\/sr\/wp-json\/wp\/v2\/tags?post=49749"}],"curies":[{"name":"wp","href":"https:\/\/api.w.org\/{rel}","templated":true}]}}