{"id":49610,"date":"2024-03-13T14:57:10","date_gmt":"2024-03-13T14:57:10","guid":{"rendered":"https:\/\/turboideal.com\/?p=49610"},"modified":"2024-03-13T14:58:13","modified_gmt":"2024-03-13T14:58:13","slug":"remont-svih-modela-i-vrsta-turbokompresora","status":"publish","type":"post","link":"https:\/\/turboideal.com\/sr\/remont-svih-modela-i-vrsta-turbokompresora\/","title":{"rendered":"Remont svih modela i vrsta turbokompresora"},"content":{"rendered":"\n<p>Samo kompletna usluga je kvalitetna usluga!<br>Od najkvalitetnijih delova za remont i najsavremenije opreme do remonta svih vrsta i modela turbokompresora.<\/p>\n\n\n\n<p>U na\u0161em ovla\u0161\u0107enom servisu <a href=\"http:\/\/www.motorkov.com\">www.motorkov.com<\/a> vr\u0161imo remont turbokompresora za:<\/p>\n\n\n\n<ul class=\"wp-block-list\">\n<li>putni\u010dki program<\/li>\n\n\n\n<li>teretni program<\/li>\n\n\n\n<li>gra\u0111evinsku mehanizaciju<\/li>\n\n\n\n<li>poljoprivrednu mehanizaciju<\/li>\n\n\n\n<li>brodske motore<\/li>\n\n\n\n<li>industrijske motore<\/li>\n<\/ul>\n\n\n\n<p>Na\u0161e reference i decenije uspe\u0161nog poslovanja govore za\u0161to smo lideri u oblasti remonta turbokompresora svih svetskih proizvo\u0111a\u010da!<br>\u010cekamo vas na dobro poznatoj adresi!<\/p>\n\n\n\n<figure class=\"wp-block-image size-full is-resized\"><a href=\"https:\/\/turboideal.com\/wp-content\/uploads\/2024\/03\/Objava-2.jpg\"><img loading=\"lazy\" decoding=\"async\" width=\"1024\" height=\"768\" src=\"https:\/\/turboideal.com\/wp-content\/uploads\/2024\/03\/Objava-2.jpg\" alt=\"\" class=\"wp-image-49613\" style=\"width:840px;height:auto\" srcset=\"https:\/\/turboideal.com\/wp-content\/uploads\/2024\/03\/Objava-2.jpg 1024w, https:\/\/turboideal.com\/wp-content\/uploads\/2024\/03\/Objava-2-300x225.jpg 300w, https:\/\/turboideal.com\/wp-content\/uploads\/2024\/03\/Objava-2-768x576.jpg 768w, https:\/\/turboideal.com\/wp-content\/uploads\/2024\/03\/Objava-2-400x300.jpg 400w, https:\/\/turboideal.com\/wp-content\/uploads\/2024\/03\/Objava-2-600x450.jpg 600w\" sizes=\"auto, (max-width: 1024px) 100vw, 1024px\" \/><\/a><\/figure>\n\n\n\n<figure class=\"wp-block-image size-full\"><a href=\"https:\/\/turboideal.com\/wp-content\/uploads\/2024\/03\/Objava-3.jpg\"><img loading=\"lazy\" decoding=\"async\" width=\"1024\" height=\"768\" src=\"https:\/\/turboideal.com\/wp-content\/uploads\/2024\/03\/Objava-3.jpg\" alt=\"\" class=\"wp-image-49615\" srcset=\"https:\/\/turboideal.com\/wp-content\/uploads\/2024\/03\/Objava-3.jpg 1024w, https:\/\/turboideal.com\/wp-content\/uploads\/2024\/03\/Objava-3-300x225.jpg 300w, https:\/\/turboideal.com\/wp-content\/uploads\/2024\/03\/Objava-3-768x576.jpg 768w, https:\/\/turboideal.com\/wp-content\/uploads\/2024\/03\/Objava-3-400x300.jpg 400w, https:\/\/turboideal.com\/wp-content\/uploads\/2024\/03\/Objava-3-600x450.jpg 600w\" sizes=\"auto, (max-width: 1024px) 100vw, 1024px\" \/><\/a><\/figure>\n","protected":false},"excerpt":{"rendered":"<p>Samo kompletna usluga je kvalitetna usluga!Od najkvalitetnijih delova za remont i najsavremenije opreme do remonta svih vrsta i modela turbokompresora. U na\u0161em ovla\u0161\u0107enom servisu www.motorkov.com vr\u0161imo remont turbokompresora za: Na\u0161e reference i decenije uspe\u0161nog poslovanja govore za\u0161to smo lideri u oblasti remonta turbokompresora svih svetskih proizvo\u0111a\u010da!\u010cekamo vas na dobro poznatoj adresi!<\/p>\n","protected":false},"author":13,"featured_media":49611,"comment_status":"closed","ping_status":"open","sticky":false,"template":"","format":"standard","meta":{"_acf_changed":false,"jetpack_post_was_ever_published":false,"_jetpack_newsletter_access":"","_jetpack_dont_email_post_to_subs":false,"_jetpack_newsletter_tier_id":0,"_jetpack_memberships_contains_paywalled_content":false,"_jetpack_memberships_contains_paid_content":false,"footnotes":""},"categories":[310],"tags":[],"class_list":["post-49610","post","type-post","status-publish","format-standard","has-post-thumbnail","hentry","category-vesti"],"acf":[],"yoast_head":"<!-- This site is optimized with the Yoast SEO plugin v26.9 - https:\/\/yoast.com\/product\/yoast-seo-wordpress\/ -->\n<title>Remont svih modela i vrsta turbokompresora - Turbo Ideal<\/title>\n<meta name=\"description\" content=\"Remont svih modela i vrsta turbokompresora\" \/>\n<meta name=\"robots\" content=\"index, follow, max-snippet:-1, max-image-preview:large, max-video-preview:-1\" \/>\n<link rel=\"canonical\" href=\"https:\/\/turboideal.com\/sr\/remont-svih-modela-i-vrsta-turbokompresora\/\" \/>\n<meta property=\"og:locale\" content=\"sr_RS\" \/>\n<meta property=\"og:type\" content=\"article\" \/>\n<meta property=\"og:title\" content=\"Remont svih modela i vrsta turbokompresora - Turbo Ideal\" \/>\n<meta property=\"og:description\" content=\"Remont svih modela i vrsta turbokompresora\" \/>\n<meta property=\"og:url\" content=\"https:\/\/turboideal.com\/sr\/remont-svih-modela-i-vrsta-turbokompresora\/\" \/>\n<meta property=\"og:site_name\" content=\"Turbo Ideal\" \/>\n<meta property=\"article:published_time\" content=\"2024-03-13T14:57:10+00:00\" \/>\n<meta property=\"article:modified_time\" content=\"2024-03-13T14:58:13+00:00\" \/>\n<meta property=\"og:image\" content=\"https:\/\/turboideal.com\/wp-content\/uploads\/2024\/03\/Objava-1.jpg\" \/>\n\t<meta property=\"og:image:width\" content=\"1024\" \/>\n\t<meta property=\"og:image:height\" content=\"768\" \/>\n\t<meta property=\"og:image:type\" content=\"image\/jpeg\" \/>\n<meta name=\"author\" content=\"Danijela Barac\" \/>\n<meta name=\"twitter:card\" content=\"summary_large_image\" \/>\n<meta name=\"twitter:label1\" content=\"Napisano od\" \/>\n\t<meta name=\"twitter:data1\" content=\"Danijela Barac\" \/>\n\t<meta name=\"twitter:label2\" content=\"Procenjeno vreme \u010ditanja\" \/>\n\t<meta name=\"twitter:data2\" content=\"1 minut\" \/>\n<script type=\"application\/ld+json\" class=\"yoast-schema-graph\">{\"@context\":\"https:\/\/schema.org\",\"@graph\":[{\"@type\":\"Article\",\"@id\":\"https:\/\/turboideal.com\/sr\/remont-svih-modela-i-vrsta-turbokompresora\/#article\",\"isPartOf\":{\"@id\":\"https:\/\/turboideal.com\/sr\/remont-svih-modela-i-vrsta-turbokompresora\/\"},\"author\":{\"name\":\"Danijela Barac\",\"@id\":\"https:\/\/turboideal.com\/#\/schema\/person\/d21242d1bdaf9b8def337eaed0b46611\"},\"headline\":\"Remont svih modela i vrsta turbokompresora\",\"datePublished\":\"2024-03-13T14:57:10+00:00\",\"dateModified\":\"2024-03-13T14:58:13+00:00\",\"mainEntityOfPage\":{\"@id\":\"https:\/\/turboideal.com\/sr\/remont-svih-modela-i-vrsta-turbokompresora\/\"},\"wordCount\":83,\"image\":{\"@id\":\"https:\/\/turboideal.com\/sr\/remont-svih-modela-i-vrsta-turbokompresora\/#primaryimage\"},\"thumbnailUrl\":\"https:\/\/turboideal.com\/wp-content\/uploads\/2024\/03\/Objava-1.jpg\",\"articleSection\":[\"Vesti\"],\"inLanguage\":\"sr-RS\"},{\"@type\":\"WebPage\",\"@id\":\"https:\/\/turboideal.com\/sr\/remont-svih-modela-i-vrsta-turbokompresora\/\",\"url\":\"https:\/\/turboideal.com\/sr\/remont-svih-modela-i-vrsta-turbokompresora\/\",\"name\":\"Remont svih modela i vrsta turbokompresora - Turbo Ideal\",\"isPartOf\":{\"@id\":\"https:\/\/turboideal.com\/#website\"},\"primaryImageOfPage\":{\"@id\":\"https:\/\/turboideal.com\/sr\/remont-svih-modela-i-vrsta-turbokompresora\/#primaryimage\"},\"image\":{\"@id\":\"https:\/\/turboideal.com\/sr\/remont-svih-modela-i-vrsta-turbokompresora\/#primaryimage\"},\"thumbnailUrl\":\"https:\/\/turboideal.com\/wp-content\/uploads\/2024\/03\/Objava-1.jpg\",\"datePublished\":\"2024-03-13T14:57:10+00:00\",\"dateModified\":\"2024-03-13T14:58:13+00:00\",\"author\":{\"@id\":\"https:\/\/turboideal.com\/#\/schema\/person\/d21242d1bdaf9b8def337eaed0b46611\"},\"description\":\"Remont svih modela i vrsta turbokompresora\",\"breadcrumb\":{\"@id\":\"https:\/\/turboideal.com\/sr\/remont-svih-modela-i-vrsta-turbokompresora\/#breadcrumb\"},\"inLanguage\":\"sr-RS\",\"potentialAction\":[{\"@type\":\"ReadAction\",\"target\":[\"https:\/\/turboideal.com\/sr\/remont-svih-modela-i-vrsta-turbokompresora\/\"]}]},{\"@type\":\"ImageObject\",\"inLanguage\":\"sr-RS\",\"@id\":\"https:\/\/turboideal.com\/sr\/remont-svih-modela-i-vrsta-turbokompresora\/#primaryimage\",\"url\":\"https:\/\/turboideal.com\/wp-content\/uploads\/2024\/03\/Objava-1.jpg\",\"contentUrl\":\"https:\/\/turboideal.com\/wp-content\/uploads\/2024\/03\/Objava-1.jpg\",\"width\":1024,\"height\":768},{\"@type\":\"BreadcrumbList\",\"@id\":\"https:\/\/turboideal.com\/sr\/remont-svih-modela-i-vrsta-turbokompresora\/#breadcrumb\",\"itemListElement\":[{\"@type\":\"ListItem\",\"position\":1,\"name\":\"Home\",\"item\":\"https:\/\/turboideal.com\/sr\/\"},{\"@type\":\"ListItem\",\"position\":2,\"name\":\"Remont svih modela i vrsta turbokompresora\"}]},{\"@type\":\"WebSite\",\"@id\":\"https:\/\/turboideal.com\/#website\",\"url\":\"https:\/\/turboideal.com\/\",\"name\":\"Turbo Ideal\",\"description\":\"Turbocharger parts\",\"potentialAction\":[{\"@type\":\"SearchAction\",\"target\":{\"@type\":\"EntryPoint\",\"urlTemplate\":\"https:\/\/turboideal.com\/?s={search_term_string}\"},\"query-input\":{\"@type\":\"PropertyValueSpecification\",\"valueRequired\":true,\"valueName\":\"search_term_string\"}}],\"inLanguage\":\"sr-RS\"},{\"@type\":\"Person\",\"@id\":\"https:\/\/turboideal.com\/#\/schema\/person\/d21242d1bdaf9b8def337eaed0b46611\",\"name\":\"Danijela Barac\",\"image\":{\"@type\":\"ImageObject\",\"inLanguage\":\"sr-RS\",\"@id\":\"https:\/\/turboideal.com\/#\/schema\/person\/image\/\",\"url\":\"https:\/\/secure.gravatar.com\/avatar\/ecf7734e3beebaf2d6eb52691b509542a97ef7802738fa15f7814a0fed0f30e2?s=96&d=mm&r=g\",\"contentUrl\":\"https:\/\/secure.gravatar.com\/avatar\/ecf7734e3beebaf2d6eb52691b509542a97ef7802738fa15f7814a0fed0f30e2?s=96&d=mm&r=g\",\"caption\":\"Danijela Barac\"},\"sameAs\":[\"http:\/\/turboideal.com\"],\"url\":\"https:\/\/turboideal.com\/sr\/author\/danijela-barac\/\"}]}<\/script>\n<!-- \/ Yoast SEO plugin. -->","yoast_head_json":{"title":"Remont svih modela i vrsta turbokompresora - Turbo Ideal","description":"Remont svih modela i vrsta turbokompresora","robots":{"index":"index","follow":"follow","max-snippet":"max-snippet:-1","max-image-preview":"max-image-preview:large","max-video-preview":"max-video-preview:-1"},"canonical":"https:\/\/turboideal.com\/sr\/remont-svih-modela-i-vrsta-turbokompresora\/","og_locale":"sr_RS","og_type":"article","og_title":"Remont svih modela i vrsta turbokompresora - Turbo Ideal","og_description":"Remont svih modela i vrsta turbokompresora","og_url":"https:\/\/turboideal.com\/sr\/remont-svih-modela-i-vrsta-turbokompresora\/","og_site_name":"Turbo Ideal","article_published_time":"2024-03-13T14:57:10+00:00","article_modified_time":"2024-03-13T14:58:13+00:00","og_image":[{"width":1024,"height":768,"url":"https:\/\/turboideal.com\/wp-content\/uploads\/2024\/03\/Objava-1.jpg","type":"image\/jpeg"}],"author":"Danijela Barac","twitter_card":"summary_large_image","twitter_misc":{"Napisano od":"Danijela Barac","Procenjeno vreme \u010ditanja":"1 minut"},"schema":{"@context":"https:\/\/schema.org","@graph":[{"@type":"Article","@id":"https:\/\/turboideal.com\/sr\/remont-svih-modela-i-vrsta-turbokompresora\/#article","isPartOf":{"@id":"https:\/\/turboideal.com\/sr\/remont-svih-modela-i-vrsta-turbokompresora\/"},"author":{"name":"Danijela Barac","@id":"https:\/\/turboideal.com\/#\/schema\/person\/d21242d1bdaf9b8def337eaed0b46611"},"headline":"Remont svih modela i vrsta turbokompresora","datePublished":"2024-03-13T14:57:10+00:00","dateModified":"2024-03-13T14:58:13+00:00","mainEntityOfPage":{"@id":"https:\/\/turboideal.com\/sr\/remont-svih-modela-i-vrsta-turbokompresora\/"},"wordCount":83,"image":{"@id":"https:\/\/turboideal.com\/sr\/remont-svih-modela-i-vrsta-turbokompresora\/#primaryimage"},"thumbnailUrl":"https:\/\/turboideal.com\/wp-content\/uploads\/2024\/03\/Objava-1.jpg","articleSection":["Vesti"],"inLanguage":"sr-RS"},{"@type":"WebPage","@id":"https:\/\/turboideal.com\/sr\/remont-svih-modela-i-vrsta-turbokompresora\/","url":"https:\/\/turboideal.com\/sr\/remont-svih-modela-i-vrsta-turbokompresora\/","name":"Remont svih modela i vrsta turbokompresora - Turbo Ideal","isPartOf":{"@id":"https:\/\/turboideal.com\/#website"},"primaryImageOfPage":{"@id":"https:\/\/turboideal.com\/sr\/remont-svih-modela-i-vrsta-turbokompresora\/#primaryimage"},"image":{"@id":"https:\/\/turboideal.com\/sr\/remont-svih-modela-i-vrsta-turbokompresora\/#primaryimage"},"thumbnailUrl":"https:\/\/turboideal.com\/wp-content\/uploads\/2024\/03\/Objava-1.jpg","datePublished":"2024-03-13T14:57:10+00:00","dateModified":"2024-03-13T14:58:13+00:00","author":{"@id":"https:\/\/turboideal.com\/#\/schema\/person\/d21242d1bdaf9b8def337eaed0b46611"},"description":"Remont svih modela i vrsta turbokompresora","breadcrumb":{"@id":"https:\/\/turboideal.com\/sr\/remont-svih-modela-i-vrsta-turbokompresora\/#breadcrumb"},"inLanguage":"sr-RS","potentialAction":[{"@type":"ReadAction","target":["https:\/\/turboideal.com\/sr\/remont-svih-modela-i-vrsta-turbokompresora\/"]}]},{"@type":"ImageObject","inLanguage":"sr-RS","@id":"https:\/\/turboideal.com\/sr\/remont-svih-modela-i-vrsta-turbokompresora\/#primaryimage","url":"https:\/\/turboideal.com\/wp-content\/uploads\/2024\/03\/Objava-1.jpg","contentUrl":"https:\/\/turboideal.com\/wp-content\/uploads\/2024\/03\/Objava-1.jpg","width":1024,"height":768},{"@type":"BreadcrumbList","@id":"https:\/\/turboideal.com\/sr\/remont-svih-modela-i-vrsta-turbokompresora\/#breadcrumb","itemListElement":[{"@type":"ListItem","position":1,"name":"Home","item":"https:\/\/turboideal.com\/sr\/"},{"@type":"ListItem","position":2,"name":"Remont svih modela i vrsta turbokompresora"}]},{"@type":"WebSite","@id":"https:\/\/turboideal.com\/#website","url":"https:\/\/turboideal.com\/","name":"Turbo Ideal","description":"Turbocharger parts","potentialAction":[{"@type":"SearchAction","target":{"@type":"EntryPoint","urlTemplate":"https:\/\/turboideal.com\/?s={search_term_string}"},"query-input":{"@type":"PropertyValueSpecification","valueRequired":true,"valueName":"search_term_string"}}],"inLanguage":"sr-RS"},{"@type":"Person","@id":"https:\/\/turboideal.com\/#\/schema\/person\/d21242d1bdaf9b8def337eaed0b46611","name":"Danijela Barac","image":{"@type":"ImageObject","inLanguage":"sr-RS","@id":"https:\/\/turboideal.com\/#\/schema\/person\/image\/","url":"https:\/\/secure.gravatar.com\/avatar\/ecf7734e3beebaf2d6eb52691b509542a97ef7802738fa15f7814a0fed0f30e2?s=96&d=mm&r=g","contentUrl":"https:\/\/secure.gravatar.com\/avatar\/ecf7734e3beebaf2d6eb52691b509542a97ef7802738fa15f7814a0fed0f30e2?s=96&d=mm&r=g","caption":"Danijela Barac"},"sameAs":["http:\/\/turboideal.com"],"url":"https:\/\/turboideal.com\/sr\/author\/danijela-barac\/"}]}},"jetpack_featured_media_url":"https:\/\/turboideal.com\/wp-content\/uploads\/2024\/03\/Objava-1.jpg","jetpack_sharing_enabled":true,"jetpack_likes_enabled":false,"jetpack-related-posts":[],"_links":{"self":[{"href":"https:\/\/turboideal.com\/sr\/wp-json\/wp\/v2\/posts\/49610","targetHints":{"allow":["GET"]}}],"collection":[{"href":"https:\/\/turboideal.com\/sr\/wp-json\/wp\/v2\/posts"}],"about":[{"href":"https:\/\/turboideal.com\/sr\/wp-json\/wp\/v2\/types\/post"}],"author":[{"embeddable":true,"href":"https:\/\/turboideal.com\/sr\/wp-json\/wp\/v2\/users\/13"}],"replies":[{"embeddable":true,"href":"https:\/\/turboideal.com\/sr\/wp-json\/wp\/v2\/comments?post=49610"}],"version-history":[{"count":1,"href":"https:\/\/turboideal.com\/sr\/wp-json\/wp\/v2\/posts\/49610\/revisions"}],"predecessor-version":[{"id":49617,"href":"https:\/\/turboideal.com\/sr\/wp-json\/wp\/v2\/posts\/49610\/revisions\/49617"}],"wp:featuredmedia":[{"embeddable":true,"href":"https:\/\/turboideal.com\/sr\/wp-json\/wp\/v2\/media\/49611"}],"wp:attachment":[{"href":"https:\/\/turboideal.com\/sr\/wp-json\/wp\/v2\/media?parent=49610"}],"wp:term":[{"taxonomy":"category","embeddable":true,"href":"https:\/\/turboideal.com\/sr\/wp-json\/wp\/v2\/categories?post=49610"},{"taxonomy":"post_tag","embeddable":true,"href":"https:\/\/turboideal.com\/sr\/wp-json\/wp\/v2\/tags?post=49610"}],"curies":[{"name":"wp","href":"https:\/\/api.w.org\/{rel}","templated":true}]}}