{"id":48253,"date":"2023-11-30T09:41:06","date_gmt":"2023-11-30T09:41:06","guid":{"rendered":"https:\/\/turboideal.com\/?p=48253"},"modified":"2023-11-30T09:50:19","modified_gmt":"2023-11-30T09:50:19","slug":"uspesno-odrzana-majstorska-konvencija-zapad","status":"publish","type":"post","link":"https:\/\/turboideal.com\/sr\/uspesno-odrzana-majstorska-konvencija-zapad\/","title":{"rendered":"Uspe\u0161no odr\u017eana Majstorska konvencija Zapad"},"content":{"rendered":"\n<p>Prva Majstorska konvencija Zapad odr\u017eala se u subotu 25.11 u \u010ca\u010dku u prostorijama kompanije Auto \u010ca\u010dak.<\/p>\n\n\n\n<p>Mnogobrojni serviseri su uzeli u\u010de\u0161\u0107e zajedno sa prijateljima udru\u017eenja Auto servisi Srbije  i pokrenuli  diskusije vezane za probleme sa kojima se svakodnevno susre\u0107u u svom poslovanju.<\/p>\n\n\n\n<p>Prijatelji udru\u017eenja su i ovaj put govorili o temama koje se odnose na nelojalnu konkurenciju i njen uticaj, visokonaponskim vozilima i izazovima servisiranja istih, ADAS sistemima na modernim vozilima, ekologiji, softverima za vo\u0111enje servisa, kao i o uzrocima kvara turbokompresora i njihovom otklanjanju. Sve ove teme su me\u0111u serviserima izazvale veliko interesovanje. <\/p>\n\n\n\n<p>Pored aktuelnih tema, imali smo prilike da se vratimo u pro\u0161lost i posetimo Muzej \u0160kode, upoznamo se sa zanimljivim \u010dinjenicama o ovom brendu i pogledamo njihovu zbirku vozila.<\/p>\n\n\n\n<p>\u201ePostavku \u010dini zbirka od 10 \u0160koda automobila od kojih je najstariji \u0160koda RAPID II iz 1938. godine. Najmla\u0111a je \u0160koda Octavia I iz 1996. na koju smo posebno ponosni. Ovaj automobil pre\u0161ao je 1.000.000 kilometara sa originalnim motorom, uz redovno servisiranje u na\u0161em servisu\u201c, isti\u010de&nbsp;<strong>Mirjana<\/strong>&nbsp;<strong>Mili\u0107<\/strong>.<\/p>\n\n\n\n<p>U ime kompanije Turbo Ideal i turbo servisa Motorkov zahvaljujemo se svim u\u010desnicima, kao i kompaniji Auto \u010ca\u010dak na divnom gostoprimstvu.<\/p>\n\n\n\n<figure class=\"wp-block-gallery has-nested-images columns-default is-cropped wp-block-gallery-1 is-layout-flex wp-block-gallery-is-layout-flex\">\n<figure class=\"wp-block-image size-large\"><a href=\"https:\/\/turboideal.com\/wp-content\/uploads\/2023\/11\/viber_slika_2023-11-27_09-27-24-722.jpg\"><img loading=\"lazy\" decoding=\"async\" width=\"1024\" height=\"768\" data-id=\"48256\" src=\"https:\/\/turboideal.com\/wp-content\/uploads\/2023\/11\/viber_slika_2023-11-27_09-27-24-722-1024x768.jpg\" alt=\"\" class=\"wp-image-48256\" srcset=\"https:\/\/turboideal.com\/wp-content\/uploads\/2023\/11\/viber_slika_2023-11-27_09-27-24-722-1024x768.jpg 1024w, https:\/\/turboideal.com\/wp-content\/uploads\/2023\/11\/viber_slika_2023-11-27_09-27-24-722-300x225.jpg 300w, https:\/\/turboideal.com\/wp-content\/uploads\/2023\/11\/viber_slika_2023-11-27_09-27-24-722-768x576.jpg 768w, https:\/\/turboideal.com\/wp-content\/uploads\/2023\/11\/viber_slika_2023-11-27_09-27-24-722-1536x1152.jpg 1536w, https:\/\/turboideal.com\/wp-content\/uploads\/2023\/11\/viber_slika_2023-11-27_09-27-24-722-400x300.jpg 400w, https:\/\/turboideal.com\/wp-content\/uploads\/2023\/11\/viber_slika_2023-11-27_09-27-24-722-600x450.jpg 600w, https:\/\/turboideal.com\/wp-content\/uploads\/2023\/11\/viber_slika_2023-11-27_09-27-24-722.jpg 1600w\" sizes=\"auto, (max-width: 1024px) 100vw, 1024px\" \/><\/a><figcaption class=\"wp-element-caption\">Poseta Muzeju \u0160kode u \u010ca\u010dku, jednom od tri takva u svetu<\/figcaption><\/figure>\n<\/figure>\n\n\n\n<figure class=\"wp-block-gallery has-nested-images columns-default is-cropped wp-block-gallery-2 is-layout-flex wp-block-gallery-is-layout-flex\">\n<figure class=\"wp-block-image size-large\"><a href=\"https:\/\/turboideal.com\/wp-content\/uploads\/2023\/11\/viber_slika_2023-11-27_09-27-24-879.jpg\"><img loading=\"lazy\" decoding=\"async\" width=\"1024\" height=\"768\" data-id=\"48258\" src=\"https:\/\/turboideal.com\/wp-content\/uploads\/2023\/11\/viber_slika_2023-11-27_09-27-24-879-1024x768.jpg\" alt=\"\" class=\"wp-image-48258\" srcset=\"https:\/\/turboideal.com\/wp-content\/uploads\/2023\/11\/viber_slika_2023-11-27_09-27-24-879-1024x768.jpg 1024w, https:\/\/turboideal.com\/wp-content\/uploads\/2023\/11\/viber_slika_2023-11-27_09-27-24-879-300x225.jpg 300w, https:\/\/turboideal.com\/wp-content\/uploads\/2023\/11\/viber_slika_2023-11-27_09-27-24-879-768x576.jpg 768w, https:\/\/turboideal.com\/wp-content\/uploads\/2023\/11\/viber_slika_2023-11-27_09-27-24-879-1536x1152.jpg 1536w, https:\/\/turboideal.com\/wp-content\/uploads\/2023\/11\/viber_slika_2023-11-27_09-27-24-879-400x300.jpg 400w, https:\/\/turboideal.com\/wp-content\/uploads\/2023\/11\/viber_slika_2023-11-27_09-27-24-879-600x450.jpg 600w, https:\/\/turboideal.com\/wp-content\/uploads\/2023\/11\/viber_slika_2023-11-27_09-27-24-879.jpg 1600w\" sizes=\"auto, (max-width: 1024px) 100vw, 1024px\" \/><\/a><figcaption class=\"wp-element-caption\">Predavanje Jakova Pekovi\u0107a iz Ecap centra o visokonaponskim vozilima<\/figcaption><\/figure>\n<\/figure>\n\n\n\n<figure class=\"wp-block-image size-large\"><a href=\"https:\/\/turboideal.com\/wp-content\/uploads\/2023\/11\/viber_slika_2023-11-27_09-27-25-145.jpg\"><img loading=\"lazy\" decoding=\"async\" width=\"768\" height=\"1024\" src=\"https:\/\/turboideal.com\/wp-content\/uploads\/2023\/11\/viber_slika_2023-11-27_09-27-25-145-768x1024.jpg\" alt=\"\" class=\"wp-image-48260\" srcset=\"https:\/\/turboideal.com\/wp-content\/uploads\/2023\/11\/viber_slika_2023-11-27_09-27-25-145-768x1024.jpg 768w, https:\/\/turboideal.com\/wp-content\/uploads\/2023\/11\/viber_slika_2023-11-27_09-27-25-145-225x300.jpg 225w, https:\/\/turboideal.com\/wp-content\/uploads\/2023\/11\/viber_slika_2023-11-27_09-27-25-145-1152x1536.jpg 1152w, https:\/\/turboideal.com\/wp-content\/uploads\/2023\/11\/viber_slika_2023-11-27_09-27-25-145-400x533.jpg 400w, https:\/\/turboideal.com\/wp-content\/uploads\/2023\/11\/viber_slika_2023-11-27_09-27-25-145-600x800.jpg 600w, https:\/\/turboideal.com\/wp-content\/uploads\/2023\/11\/viber_slika_2023-11-27_09-27-25-145.jpg 1200w\" sizes=\"auto, (max-width: 768px) 100vw, 768px\" \/><\/a><figcaption class=\"wp-element-caption\">Prakti\u010dni primer kalibracije ADAS sistema kompanije Marinkovi\u0107 Hofmann<\/figcaption><\/figure>\n\n\n\n<figure class=\"wp-block-gallery has-nested-images columns-default is-cropped wp-block-gallery-3 is-layout-flex wp-block-gallery-is-layout-flex\">\n<figure class=\"wp-block-image size-large\"><a href=\"https:\/\/turboideal.com\/wp-content\/uploads\/2023\/11\/viber_slika_2023-11-29_09-48-51-173.jpg\"><img loading=\"lazy\" decoding=\"async\" width=\"577\" height=\"1024\" data-id=\"48262\" src=\"https:\/\/turboideal.com\/wp-content\/uploads\/2023\/11\/viber_slika_2023-11-29_09-48-51-173-577x1024.jpg\" alt=\"\" class=\"wp-image-48262\" srcset=\"https:\/\/turboideal.com\/wp-content\/uploads\/2023\/11\/viber_slika_2023-11-29_09-48-51-173-577x1024.jpg 577w, https:\/\/turboideal.com\/wp-content\/uploads\/2023\/11\/viber_slika_2023-11-29_09-48-51-173-169x300.jpg 169w, https:\/\/turboideal.com\/wp-content\/uploads\/2023\/11\/viber_slika_2023-11-29_09-48-51-173-768x1364.jpg 768w, https:\/\/turboideal.com\/wp-content\/uploads\/2023\/11\/viber_slika_2023-11-29_09-48-51-173-865x1536.jpg 865w, https:\/\/turboideal.com\/wp-content\/uploads\/2023\/11\/viber_slika_2023-11-29_09-48-51-173-400x710.jpg 400w, https:\/\/turboideal.com\/wp-content\/uploads\/2023\/11\/viber_slika_2023-11-29_09-48-51-173-600x1066.jpg 600w, https:\/\/turboideal.com\/wp-content\/uploads\/2023\/11\/viber_slika_2023-11-29_09-48-51-173.jpg 1013w\" sizes=\"auto, (max-width: 577px) 100vw, 577px\" \/><\/a><figcaption class=\"wp-element-caption\">Predavanje Predraga Stojanovi\u0107a iz turbo servisa Motorkov o uzrocima kvara turbokompresora<\/figcaption><\/figure>\n<\/figure>\n\n\n\n<figure class=\"wp-block-image size-large\"><a href=\"https:\/\/turboideal.com\/wp-content\/uploads\/2023\/11\/viber_slika_2023-11-29_09-48-52-139.jpg\"><img loading=\"lazy\" decoding=\"async\" width=\"577\" height=\"1024\" src=\"https:\/\/turboideal.com\/wp-content\/uploads\/2023\/11\/viber_slika_2023-11-29_09-48-52-139-577x1024.jpg\" alt=\"\" class=\"wp-image-48264\" srcset=\"https:\/\/turboideal.com\/wp-content\/uploads\/2023\/11\/viber_slika_2023-11-29_09-48-52-139-577x1024.jpg 577w, https:\/\/turboideal.com\/wp-content\/uploads\/2023\/11\/viber_slika_2023-11-29_09-48-52-139-169x300.jpg 169w, https:\/\/turboideal.com\/wp-content\/uploads\/2023\/11\/viber_slika_2023-11-29_09-48-52-139-768x1364.jpg 768w, https:\/\/turboideal.com\/wp-content\/uploads\/2023\/11\/viber_slika_2023-11-29_09-48-52-139-865x1536.jpg 865w, https:\/\/turboideal.com\/wp-content\/uploads\/2023\/11\/viber_slika_2023-11-29_09-48-52-139-400x710.jpg 400w, https:\/\/turboideal.com\/wp-content\/uploads\/2023\/11\/viber_slika_2023-11-29_09-48-52-139-600x1066.jpg 600w, https:\/\/turboideal.com\/wp-content\/uploads\/2023\/11\/viber_slika_2023-11-29_09-48-52-139.jpg 1013w\" sizes=\"auto, (max-width: 577px) 100vw, 577px\" \/><\/a><figcaption class=\"wp-element-caption\">TV Galaksija izve\u0161tava sa konvencije<\/figcaption><\/figure>\n\n\n\n<figure class=\"wp-block-image size-large is-resized\"><a href=\"https:\/\/turboideal.com\/wp-content\/uploads\/2023\/11\/viber_slika_2023-11-29_09-48-51-882.jpg\"><img loading=\"lazy\" decoding=\"async\" src=\"https:\/\/turboideal.com\/wp-content\/uploads\/2023\/11\/viber_slika_2023-11-29_09-48-51-882-577x1024.jpg\" alt=\"\" class=\"wp-image-48266\" width=\"577\" height=\"1024\" srcset=\"https:\/\/turboideal.com\/wp-content\/uploads\/2023\/11\/viber_slika_2023-11-29_09-48-51-882-577x1024.jpg 577w, https:\/\/turboideal.com\/wp-content\/uploads\/2023\/11\/viber_slika_2023-11-29_09-48-51-882-169x300.jpg 169w, https:\/\/turboideal.com\/wp-content\/uploads\/2023\/11\/viber_slika_2023-11-29_09-48-51-882-768x1364.jpg 768w, https:\/\/turboideal.com\/wp-content\/uploads\/2023\/11\/viber_slika_2023-11-29_09-48-51-882-865x1536.jpg 865w, https:\/\/turboideal.com\/wp-content\/uploads\/2023\/11\/viber_slika_2023-11-29_09-48-51-882-400x710.jpg 400w, https:\/\/turboideal.com\/wp-content\/uploads\/2023\/11\/viber_slika_2023-11-29_09-48-51-882-600x1066.jpg 600w, https:\/\/turboideal.com\/wp-content\/uploads\/2023\/11\/viber_slika_2023-11-29_09-48-51-882.jpg 1013w\" sizes=\"auto, (max-width: 577px) 100vw, 577px\" \/><\/a><figcaption class=\"wp-element-caption\">Branko Kova\u010d, AutoTek predstavljanje novih opcija softvera za vo\u0111enje servisa<\/figcaption><\/figure>\n\n\n\n<figure class=\"wp-block-image size-large\"><a href=\"https:\/\/turboideal.com\/wp-content\/uploads\/2023\/11\/viber_slika_2023-11-27_09-27-25-649.jpg\"><img loading=\"lazy\" decoding=\"async\" width=\"1024\" height=\"768\" src=\"https:\/\/turboideal.com\/wp-content\/uploads\/2023\/11\/viber_slika_2023-11-27_09-27-25-649-1024x768.jpg\" alt=\"\" class=\"wp-image-48268\" srcset=\"https:\/\/turboideal.com\/wp-content\/uploads\/2023\/11\/viber_slika_2023-11-27_09-27-25-649-1024x768.jpg 1024w, https:\/\/turboideal.com\/wp-content\/uploads\/2023\/11\/viber_slika_2023-11-27_09-27-25-649-300x225.jpg 300w, https:\/\/turboideal.com\/wp-content\/uploads\/2023\/11\/viber_slika_2023-11-27_09-27-25-649-768x576.jpg 768w, https:\/\/turboideal.com\/wp-content\/uploads\/2023\/11\/viber_slika_2023-11-27_09-27-25-649-1536x1152.jpg 1536w, https:\/\/turboideal.com\/wp-content\/uploads\/2023\/11\/viber_slika_2023-11-27_09-27-25-649-400x300.jpg 400w, https:\/\/turboideal.com\/wp-content\/uploads\/2023\/11\/viber_slika_2023-11-27_09-27-25-649-600x450.jpg 600w, https:\/\/turboideal.com\/wp-content\/uploads\/2023\/11\/viber_slika_2023-11-27_09-27-25-649.jpg 1600w\" sizes=\"auto, (max-width: 1024px) 100vw, 1024px\" \/><\/a><figcaption class=\"wp-element-caption\">Zoran Pucija\u0161evi\u0107 iz kompanije Tehnolub govori o prednostima ENEOS ulja <\/figcaption><\/figure>\n\n\n\n<figure class=\"wp-block-gallery has-nested-images columns-default is-cropped wp-block-gallery-4 is-layout-flex wp-block-gallery-is-layout-flex\">\n<figure class=\"wp-block-image size-large\"><a href=\"https:\/\/turboideal.com\/wp-content\/uploads\/2023\/11\/viber_slika_2023-11-27_09-27-25-462.jpg\"><img loading=\"lazy\" decoding=\"async\" width=\"1024\" height=\"768\" data-id=\"48272\" src=\"https:\/\/turboideal.com\/wp-content\/uploads\/2023\/11\/viber_slika_2023-11-27_09-27-25-462-1024x768.jpg\" alt=\"\" class=\"wp-image-48272\" srcset=\"https:\/\/turboideal.com\/wp-content\/uploads\/2023\/11\/viber_slika_2023-11-27_09-27-25-462-1024x768.jpg 1024w, https:\/\/turboideal.com\/wp-content\/uploads\/2023\/11\/viber_slika_2023-11-27_09-27-25-462-300x225.jpg 300w, https:\/\/turboideal.com\/wp-content\/uploads\/2023\/11\/viber_slika_2023-11-27_09-27-25-462-768x576.jpg 768w, https:\/\/turboideal.com\/wp-content\/uploads\/2023\/11\/viber_slika_2023-11-27_09-27-25-462-1536x1152.jpg 1536w, https:\/\/turboideal.com\/wp-content\/uploads\/2023\/11\/viber_slika_2023-11-27_09-27-25-462-400x300.jpg 400w, https:\/\/turboideal.com\/wp-content\/uploads\/2023\/11\/viber_slika_2023-11-27_09-27-25-462-600x450.jpg 600w, https:\/\/turboideal.com\/wp-content\/uploads\/2023\/11\/viber_slika_2023-11-27_09-27-25-462.jpg 1600w\" sizes=\"auto, (max-width: 1024px) 100vw, 1024px\" \/><\/a><figcaption class=\"wp-element-caption\">\u010clanovi udru\u017eenja<\/figcaption><\/figure>\n<\/figure>\n\n\n\n<figure class=\"wp-block-image size-large\"><a href=\"https:\/\/turboideal.com\/wp-content\/uploads\/2023\/11\/viber_slika_2023-11-29_09-48-51-003.jpg\"><img loading=\"lazy\" decoding=\"async\" width=\"577\" height=\"1024\" src=\"https:\/\/turboideal.com\/wp-content\/uploads\/2023\/11\/viber_slika_2023-11-29_09-48-51-003-577x1024.jpg\" alt=\"Uspe\u0161no odr\u017eana Majstorska konvencija Zapad \" class=\"wp-image-48280\" srcset=\"https:\/\/turboideal.com\/wp-content\/uploads\/2023\/11\/viber_slika_2023-11-29_09-48-51-003-577x1024.jpg 577w, https:\/\/turboideal.com\/wp-content\/uploads\/2023\/11\/viber_slika_2023-11-29_09-48-51-003-169x300.jpg 169w, https:\/\/turboideal.com\/wp-content\/uploads\/2023\/11\/viber_slika_2023-11-29_09-48-51-003-768x1364.jpg 768w, https:\/\/turboideal.com\/wp-content\/uploads\/2023\/11\/viber_slika_2023-11-29_09-48-51-003-865x1536.jpg 865w, https:\/\/turboideal.com\/wp-content\/uploads\/2023\/11\/viber_slika_2023-11-29_09-48-51-003-400x710.jpg 400w, https:\/\/turboideal.com\/wp-content\/uploads\/2023\/11\/viber_slika_2023-11-29_09-48-51-003-600x1066.jpg 600w, https:\/\/turboideal.com\/wp-content\/uploads\/2023\/11\/viber_slika_2023-11-29_09-48-51-003.jpg 1013w\" sizes=\"auto, (max-width: 577px) 100vw, 577px\" \/><\/a><figcaption class=\"wp-element-caption\">Gordan Stojanovi\u0107 u\u010denik Elektrotehni\u010dke \u0161kole Nikola Tesla govori o programiranju elektronskih aktuatora<\/figcaption><\/figure>\n","protected":false},"excerpt":{"rendered":"<p>Prva Majstorska konvencija Zapad odr\u017eala se u subotu 25.11 u \u010ca\u010dku u prostorijama kompanije Auto \u010ca\u010dak. Mnogobrojni serviseri su uzeli u\u010de\u0161\u0107e zajedno sa prijateljima udru\u017eenja Auto servisi Srbije i pokrenuli diskusije vezane za probleme sa kojima se svakodnevno susre\u0107u u svom poslovanju. Prijatelji udru\u017eenja su i ovaj put govorili o temama koje se odnose na [&hellip;]<\/p>\n","protected":false},"author":13,"featured_media":48273,"comment_status":"closed","ping_status":"open","sticky":false,"template":"","format":"standard","meta":{"_acf_changed":false,"jetpack_post_was_ever_published":false,"_jetpack_newsletter_access":"","_jetpack_dont_email_post_to_subs":false,"_jetpack_newsletter_tier_id":0,"_jetpack_memberships_contains_paywalled_content":false,"_jetpack_memberships_contains_paid_content":false,"footnotes":""},"categories":[310],"tags":[],"class_list":["post-48253","post","type-post","status-publish","format-standard","has-post-thumbnail","hentry","category-vesti"],"acf":[],"yoast_head":"<!-- This site is optimized with the Yoast SEO plugin v26.9 - https:\/\/yoast.com\/product\/yoast-seo-wordpress\/ -->\n<title>Uspe\u0161no odr\u017eana Majstorska konvencija Zapad - Turbo Ideal<\/title>\n<meta name=\"robots\" content=\"index, follow, max-snippet:-1, max-image-preview:large, max-video-preview:-1\" \/>\n<link rel=\"canonical\" href=\"https:\/\/turboideal.com\/sr\/uspesno-odrzana-majstorska-konvencija-zapad\/\" \/>\n<meta property=\"og:locale\" content=\"sr_RS\" \/>\n<meta property=\"og:type\" content=\"article\" \/>\n<meta property=\"og:title\" content=\"Uspe\u0161no odr\u017eana Majstorska konvencija Zapad - Turbo Ideal\" \/>\n<meta property=\"og:description\" content=\"Prva Majstorska konvencija Zapad odr\u017eala se u subotu 25.11 u \u010ca\u010dku u prostorijama kompanije Auto \u010ca\u010dak. Mnogobrojni serviseri su uzeli u\u010de\u0161\u0107e zajedno sa prijateljima udru\u017eenja Auto servisi Srbije i pokrenuli diskusije vezane za probleme sa kojima se svakodnevno susre\u0107u u svom poslovanju. Prijatelji udru\u017eenja su i ovaj put govorili o temama koje se odnose na [&hellip;]\" \/>\n<meta property=\"og:url\" content=\"https:\/\/turboideal.com\/sr\/uspesno-odrzana-majstorska-konvencija-zapad\/\" \/>\n<meta property=\"og:site_name\" content=\"Turbo Ideal\" \/>\n<meta property=\"article:published_time\" content=\"2023-11-30T09:41:06+00:00\" \/>\n<meta property=\"article:modified_time\" content=\"2023-11-30T09:50:19+00:00\" \/>\n<meta property=\"og:image\" content=\"https:\/\/turboideal.com\/wp-content\/uploads\/2023\/11\/viber_slika_2023-11-27_09-27-25-462.jpg\" \/>\n\t<meta property=\"og:image:width\" content=\"1600\" \/>\n\t<meta property=\"og:image:height\" content=\"1200\" \/>\n\t<meta property=\"og:image:type\" content=\"image\/jpeg\" \/>\n<meta name=\"author\" content=\"Danijela Barac\" \/>\n<meta name=\"twitter:card\" content=\"summary_large_image\" \/>\n<meta name=\"twitter:label1\" content=\"Napisano od\" \/>\n\t<meta name=\"twitter:data1\" content=\"Danijela Barac\" \/>\n\t<meta name=\"twitter:label2\" content=\"Procenjeno vreme \u010ditanja\" \/>\n\t<meta name=\"twitter:data2\" content=\"3 minuta\" \/>\n<script type=\"application\/ld+json\" class=\"yoast-schema-graph\">{\"@context\":\"https:\/\/schema.org\",\"@graph\":[{\"@type\":\"Article\",\"@id\":\"https:\/\/turboideal.com\/sr\/uspesno-odrzana-majstorska-konvencija-zapad\/#article\",\"isPartOf\":{\"@id\":\"https:\/\/turboideal.com\/sr\/uspesno-odrzana-majstorska-konvencija-zapad\/\"},\"author\":{\"name\":\"Danijela Barac\",\"@id\":\"https:\/\/turboideal.com\/#\/schema\/person\/d21242d1bdaf9b8def337eaed0b46611\"},\"headline\":\"Uspe\u0161no odr\u017eana Majstorska konvencija Zapad\",\"datePublished\":\"2023-11-30T09:41:06+00:00\",\"dateModified\":\"2023-11-30T09:50:19+00:00\",\"mainEntityOfPage\":{\"@id\":\"https:\/\/turboideal.com\/sr\/uspesno-odrzana-majstorska-konvencija-zapad\/\"},\"wordCount\":299,\"image\":{\"@id\":\"https:\/\/turboideal.com\/sr\/uspesno-odrzana-majstorska-konvencija-zapad\/#primaryimage\"},\"thumbnailUrl\":\"https:\/\/turboideal.com\/wp-content\/uploads\/2023\/11\/viber_slika_2023-11-27_09-27-25-462.jpg\",\"articleSection\":[\"Vesti\"],\"inLanguage\":\"sr-RS\"},{\"@type\":\"WebPage\",\"@id\":\"https:\/\/turboideal.com\/sr\/uspesno-odrzana-majstorska-konvencija-zapad\/\",\"url\":\"https:\/\/turboideal.com\/sr\/uspesno-odrzana-majstorska-konvencija-zapad\/\",\"name\":\"Uspe\u0161no odr\u017eana Majstorska konvencija Zapad - Turbo Ideal\",\"isPartOf\":{\"@id\":\"https:\/\/turboideal.com\/#website\"},\"primaryImageOfPage\":{\"@id\":\"https:\/\/turboideal.com\/sr\/uspesno-odrzana-majstorska-konvencija-zapad\/#primaryimage\"},\"image\":{\"@id\":\"https:\/\/turboideal.com\/sr\/uspesno-odrzana-majstorska-konvencija-zapad\/#primaryimage\"},\"thumbnailUrl\":\"https:\/\/turboideal.com\/wp-content\/uploads\/2023\/11\/viber_slika_2023-11-27_09-27-25-462.jpg\",\"datePublished\":\"2023-11-30T09:41:06+00:00\",\"dateModified\":\"2023-11-30T09:50:19+00:00\",\"author\":{\"@id\":\"https:\/\/turboideal.com\/#\/schema\/person\/d21242d1bdaf9b8def337eaed0b46611\"},\"breadcrumb\":{\"@id\":\"https:\/\/turboideal.com\/sr\/uspesno-odrzana-majstorska-konvencija-zapad\/#breadcrumb\"},\"inLanguage\":\"sr-RS\",\"potentialAction\":[{\"@type\":\"ReadAction\",\"target\":[\"https:\/\/turboideal.com\/sr\/uspesno-odrzana-majstorska-konvencija-zapad\/\"]}]},{\"@type\":\"ImageObject\",\"inLanguage\":\"sr-RS\",\"@id\":\"https:\/\/turboideal.com\/sr\/uspesno-odrzana-majstorska-konvencija-zapad\/#primaryimage\",\"url\":\"https:\/\/turboideal.com\/wp-content\/uploads\/2023\/11\/viber_slika_2023-11-27_09-27-25-462.jpg\",\"contentUrl\":\"https:\/\/turboideal.com\/wp-content\/uploads\/2023\/11\/viber_slika_2023-11-27_09-27-25-462.jpg\",\"width\":1600,\"height\":1200},{\"@type\":\"BreadcrumbList\",\"@id\":\"https:\/\/turboideal.com\/sr\/uspesno-odrzana-majstorska-konvencija-zapad\/#breadcrumb\",\"itemListElement\":[{\"@type\":\"ListItem\",\"position\":1,\"name\":\"Home\",\"item\":\"https:\/\/turboideal.com\/sr\/\"},{\"@type\":\"ListItem\",\"position\":2,\"name\":\"Uspe\u0161no odr\u017eana Majstorska konvencija Zapad\"}]},{\"@type\":\"WebSite\",\"@id\":\"https:\/\/turboideal.com\/#website\",\"url\":\"https:\/\/turboideal.com\/\",\"name\":\"Turbo Ideal\",\"description\":\"Turbocharger parts\",\"potentialAction\":[{\"@type\":\"SearchAction\",\"target\":{\"@type\":\"EntryPoint\",\"urlTemplate\":\"https:\/\/turboideal.com\/?s={search_term_string}\"},\"query-input\":{\"@type\":\"PropertyValueSpecification\",\"valueRequired\":true,\"valueName\":\"search_term_string\"}}],\"inLanguage\":\"sr-RS\"},{\"@type\":\"Person\",\"@id\":\"https:\/\/turboideal.com\/#\/schema\/person\/d21242d1bdaf9b8def337eaed0b46611\",\"name\":\"Danijela Barac\",\"image\":{\"@type\":\"ImageObject\",\"inLanguage\":\"sr-RS\",\"@id\":\"https:\/\/turboideal.com\/#\/schema\/person\/image\/\",\"url\":\"https:\/\/secure.gravatar.com\/avatar\/ecf7734e3beebaf2d6eb52691b509542a97ef7802738fa15f7814a0fed0f30e2?s=96&d=mm&r=g\",\"contentUrl\":\"https:\/\/secure.gravatar.com\/avatar\/ecf7734e3beebaf2d6eb52691b509542a97ef7802738fa15f7814a0fed0f30e2?s=96&d=mm&r=g\",\"caption\":\"Danijela Barac\"},\"sameAs\":[\"http:\/\/turboideal.com\"],\"url\":\"https:\/\/turboideal.com\/sr\/author\/danijela-barac\/\"}]}<\/script>\n<!-- \/ Yoast SEO plugin. -->","yoast_head_json":{"title":"Uspe\u0161no odr\u017eana Majstorska konvencija Zapad - Turbo Ideal","robots":{"index":"index","follow":"follow","max-snippet":"max-snippet:-1","max-image-preview":"max-image-preview:large","max-video-preview":"max-video-preview:-1"},"canonical":"https:\/\/turboideal.com\/sr\/uspesno-odrzana-majstorska-konvencija-zapad\/","og_locale":"sr_RS","og_type":"article","og_title":"Uspe\u0161no odr\u017eana Majstorska konvencija Zapad - Turbo Ideal","og_description":"Prva Majstorska konvencija Zapad odr\u017eala se u subotu 25.11 u \u010ca\u010dku u prostorijama kompanije Auto \u010ca\u010dak. Mnogobrojni serviseri su uzeli u\u010de\u0161\u0107e zajedno sa prijateljima udru\u017eenja Auto servisi Srbije i pokrenuli diskusije vezane za probleme sa kojima se svakodnevno susre\u0107u u svom poslovanju. Prijatelji udru\u017eenja su i ovaj put govorili o temama koje se odnose na [&hellip;]","og_url":"https:\/\/turboideal.com\/sr\/uspesno-odrzana-majstorska-konvencija-zapad\/","og_site_name":"Turbo Ideal","article_published_time":"2023-11-30T09:41:06+00:00","article_modified_time":"2023-11-30T09:50:19+00:00","og_image":[{"width":1600,"height":1200,"url":"https:\/\/turboideal.com\/wp-content\/uploads\/2023\/11\/viber_slika_2023-11-27_09-27-25-462.jpg","type":"image\/jpeg"}],"author":"Danijela Barac","twitter_card":"summary_large_image","twitter_misc":{"Napisano od":"Danijela Barac","Procenjeno vreme \u010ditanja":"3 minuta"},"schema":{"@context":"https:\/\/schema.org","@graph":[{"@type":"Article","@id":"https:\/\/turboideal.com\/sr\/uspesno-odrzana-majstorska-konvencija-zapad\/#article","isPartOf":{"@id":"https:\/\/turboideal.com\/sr\/uspesno-odrzana-majstorska-konvencija-zapad\/"},"author":{"name":"Danijela Barac","@id":"https:\/\/turboideal.com\/#\/schema\/person\/d21242d1bdaf9b8def337eaed0b46611"},"headline":"Uspe\u0161no odr\u017eana Majstorska konvencija Zapad","datePublished":"2023-11-30T09:41:06+00:00","dateModified":"2023-11-30T09:50:19+00:00","mainEntityOfPage":{"@id":"https:\/\/turboideal.com\/sr\/uspesno-odrzana-majstorska-konvencija-zapad\/"},"wordCount":299,"image":{"@id":"https:\/\/turboideal.com\/sr\/uspesno-odrzana-majstorska-konvencija-zapad\/#primaryimage"},"thumbnailUrl":"https:\/\/turboideal.com\/wp-content\/uploads\/2023\/11\/viber_slika_2023-11-27_09-27-25-462.jpg","articleSection":["Vesti"],"inLanguage":"sr-RS"},{"@type":"WebPage","@id":"https:\/\/turboideal.com\/sr\/uspesno-odrzana-majstorska-konvencija-zapad\/","url":"https:\/\/turboideal.com\/sr\/uspesno-odrzana-majstorska-konvencija-zapad\/","name":"Uspe\u0161no odr\u017eana Majstorska konvencija Zapad - Turbo Ideal","isPartOf":{"@id":"https:\/\/turboideal.com\/#website"},"primaryImageOfPage":{"@id":"https:\/\/turboideal.com\/sr\/uspesno-odrzana-majstorska-konvencija-zapad\/#primaryimage"},"image":{"@id":"https:\/\/turboideal.com\/sr\/uspesno-odrzana-majstorska-konvencija-zapad\/#primaryimage"},"thumbnailUrl":"https:\/\/turboideal.com\/wp-content\/uploads\/2023\/11\/viber_slika_2023-11-27_09-27-25-462.jpg","datePublished":"2023-11-30T09:41:06+00:00","dateModified":"2023-11-30T09:50:19+00:00","author":{"@id":"https:\/\/turboideal.com\/#\/schema\/person\/d21242d1bdaf9b8def337eaed0b46611"},"breadcrumb":{"@id":"https:\/\/turboideal.com\/sr\/uspesno-odrzana-majstorska-konvencija-zapad\/#breadcrumb"},"inLanguage":"sr-RS","potentialAction":[{"@type":"ReadAction","target":["https:\/\/turboideal.com\/sr\/uspesno-odrzana-majstorska-konvencija-zapad\/"]}]},{"@type":"ImageObject","inLanguage":"sr-RS","@id":"https:\/\/turboideal.com\/sr\/uspesno-odrzana-majstorska-konvencija-zapad\/#primaryimage","url":"https:\/\/turboideal.com\/wp-content\/uploads\/2023\/11\/viber_slika_2023-11-27_09-27-25-462.jpg","contentUrl":"https:\/\/turboideal.com\/wp-content\/uploads\/2023\/11\/viber_slika_2023-11-27_09-27-25-462.jpg","width":1600,"height":1200},{"@type":"BreadcrumbList","@id":"https:\/\/turboideal.com\/sr\/uspesno-odrzana-majstorska-konvencija-zapad\/#breadcrumb","itemListElement":[{"@type":"ListItem","position":1,"name":"Home","item":"https:\/\/turboideal.com\/sr\/"},{"@type":"ListItem","position":2,"name":"Uspe\u0161no odr\u017eana Majstorska konvencija Zapad"}]},{"@type":"WebSite","@id":"https:\/\/turboideal.com\/#website","url":"https:\/\/turboideal.com\/","name":"Turbo Ideal","description":"Turbocharger parts","potentialAction":[{"@type":"SearchAction","target":{"@type":"EntryPoint","urlTemplate":"https:\/\/turboideal.com\/?s={search_term_string}"},"query-input":{"@type":"PropertyValueSpecification","valueRequired":true,"valueName":"search_term_string"}}],"inLanguage":"sr-RS"},{"@type":"Person","@id":"https:\/\/turboideal.com\/#\/schema\/person\/d21242d1bdaf9b8def337eaed0b46611","name":"Danijela Barac","image":{"@type":"ImageObject","inLanguage":"sr-RS","@id":"https:\/\/turboideal.com\/#\/schema\/person\/image\/","url":"https:\/\/secure.gravatar.com\/avatar\/ecf7734e3beebaf2d6eb52691b509542a97ef7802738fa15f7814a0fed0f30e2?s=96&d=mm&r=g","contentUrl":"https:\/\/secure.gravatar.com\/avatar\/ecf7734e3beebaf2d6eb52691b509542a97ef7802738fa15f7814a0fed0f30e2?s=96&d=mm&r=g","caption":"Danijela Barac"},"sameAs":["http:\/\/turboideal.com"],"url":"https:\/\/turboideal.com\/sr\/author\/danijela-barac\/"}]}},"jetpack_featured_media_url":"https:\/\/turboideal.com\/wp-content\/uploads\/2023\/11\/viber_slika_2023-11-27_09-27-25-462.jpg","jetpack_sharing_enabled":true,"jetpack_likes_enabled":false,"jetpack-related-posts":[],"_links":{"self":[{"href":"https:\/\/turboideal.com\/sr\/wp-json\/wp\/v2\/posts\/48253","targetHints":{"allow":["GET"]}}],"collection":[{"href":"https:\/\/turboideal.com\/sr\/wp-json\/wp\/v2\/posts"}],"about":[{"href":"https:\/\/turboideal.com\/sr\/wp-json\/wp\/v2\/types\/post"}],"author":[{"embeddable":true,"href":"https:\/\/turboideal.com\/sr\/wp-json\/wp\/v2\/users\/13"}],"replies":[{"embeddable":true,"href":"https:\/\/turboideal.com\/sr\/wp-json\/wp\/v2\/comments?post=48253"}],"version-history":[{"count":1,"href":"https:\/\/turboideal.com\/sr\/wp-json\/wp\/v2\/posts\/48253\/revisions"}],"predecessor-version":[{"id":48282,"href":"https:\/\/turboideal.com\/sr\/wp-json\/wp\/v2\/posts\/48253\/revisions\/48282"}],"wp:featuredmedia":[{"embeddable":true,"href":"https:\/\/turboideal.com\/sr\/wp-json\/wp\/v2\/media\/48273"}],"wp:attachment":[{"href":"https:\/\/turboideal.com\/sr\/wp-json\/wp\/v2\/media?parent=48253"}],"wp:term":[{"taxonomy":"category","embeddable":true,"href":"https:\/\/turboideal.com\/sr\/wp-json\/wp\/v2\/categories?post=48253"},{"taxonomy":"post_tag","embeddable":true,"href":"https:\/\/turboideal.com\/sr\/wp-json\/wp\/v2\/tags?post=48253"}],"curies":[{"name":"wp","href":"https:\/\/api.w.org\/{rel}","templated":true}]}}